{"id":60073,"date":"2024-10-29T09:35:47","date_gmt":"2024-10-29T15:35:47","guid":{"rendered":"https:\/\/encuentroinformativo.com.mx\/?p=60073"},"modified":"2024-10-29T09:35:53","modified_gmt":"2024-10-29T15:35:53","slug":"aaron","status":"publish","type":"post","link":"https:\/\/encuentroinformativo.com.mx\/?p=60073","title":{"rendered":"AAR\u00d3N!"},"content":{"rendered":"\n<p><strong>Los Pol\u00edticos<\/strong><\/p>\n\n\n\n<p><strong>Salvador Mu\u00f1oz<\/strong><\/p>\n\n\n\n<p>Carlos Marcelo Ruiz S\u00e1nchez dejar\u00e1 una grata impresi\u00f3n luego de que deje la dirigencia del PVEM una vez que ponga sus pompis en el mullido coj\u00edn de la curul local; con ello, da paso al jovenazo de 34 a\u00f1os, Edgar Herrera Lendechy, quien ha de tomar las riendas en el partido verde.<\/p>\n\n\n\n<p>Otro caso similar al del Ecologista se replica en Morena con Alejandro Porras Mar\u00edn, quien este 5 de noviembre igual que Carlos Marcelo, ha de estrenarse como Diputado pluri en representaci\u00f3n de los j\u00f3venes, aunque este caso, pudiera ser m\u00e1s relevante.<\/p>\n\n\n\n<p>Porras Mar\u00edn hace casi un mes, dej\u00f3 la secretar\u00eda nacional de J\u00f3venes Morena y su lugar lo ocupa Aar\u00f3n Enr\u00edquez Garc\u00eda.<\/p>\n\n\n\n<p>Parece nada pero dice mucho: Estamos hablando que Veracruz lleva dos l\u00edderes nacionales de la juventud al hilo, lo que por un lado bien puede hablar del trabajo que en un momento dado estar\u00eda realizando Esteban Ram\u00edrez Zepeta con los cuadros j\u00f3venes, y por el otro, estar\u00edamos viendo que la GoberNahle apuntala a los j\u00f3venes al igual que a las mujeres tanto en lo administrativo como en lo pol\u00edtico.<\/p>\n\n\n\n<p>Aar\u00f3n es muy discreto pero es en funci\u00f3n de la labor que tiene en mente este joven vecino de la congregaci\u00f3n Barrio de San Juan, en Jilotepec\u2026 est\u00e1 comprometido al igual que todos los morenos, en hacer de Morena, el partido m\u00e1s poderoso de Am\u00e9rica o del mundo, ahora s\u00ed, dependiendo de las ambiciones de cada quien.<\/p>\n\n\n\n<p>Al parecer, el reto es meter el mayor n\u00famero de j\u00f3venes afiliados a Morena.<\/p>\n\n\n\n<p>Con 28 a\u00f1os a cuestas, ya trae una destacada trayectoria dentro del \u00e1mbito pol\u00edtico y social. Desde sus inicios con Morena, mostr\u00f3 un compromiso con su comunidad y una profunda convicci\u00f3n en los valores de trabajo, honestidad y servicio p\u00fablico. Vamos! Es un joven reconocido y apreciado en su entorno vecinal.<\/p>\n\n\n\n<p>Creo que es egresado del Tec de Xalapa, con Ingenier\u00eda Civil, pero siendo francos, si de ingenier\u00eda se trata, la ha aplicado m\u00e1s en la organizaci\u00f3n de estructuras territoriales y en la coordinaci\u00f3n de campa\u00f1as electorales.<\/p>\n\n\n\n<p>S\u00f3lo imaginen\u2026 ten\u00eda entre 21 y 22 a\u00f1os cuando le encomendaron la coordinaci\u00f3n territorial durante la campa\u00f1a de Cuitl\u00e1huac Garc\u00eda all\u00e1 entre 2017 y 2018. Quiz\u00e1s por eso, al arribo del primer gobierno de izquierda en Veracruz, fue supervisor en la coordinaci\u00f3n de giras del gobernador. Esteban Ram\u00edrez Zepeta luego lo llama para ir armando la organizaci\u00f3n del partido a nivel estatal, con especial \u00e9nfasis en la movilizaci\u00f3n juvenil.<\/p>\n\n\n\n<p>Con toda la enjundia que la juventud te puede dar pero sobre todo la confianza que el partido le confiere, Aar\u00f3n ha jugado un papel determinante en iniciativas clave del partido Morena, como el juicio a expresidentes y la revocaci\u00f3n de mandato. Asimismo, ha sido responsable de la coordinaci\u00f3n de brigadistas en campa\u00f1as electorales estrat\u00e9gicas en entidades como Tamaulipas y el Estado de M\u00e9xico. Lo \u00faltimo, estuvo a cargo de la organizaci\u00f3n de j\u00f3venes en la campa\u00f1a de la hoy GoberNahle.<\/p>\n\n\n\n<p>En pocas palabras, bien podemos hablar que Morena entiende a la perfecci\u00f3n el relevo generacional as\u00ed como la oportunidad a los chavos; misma tendencia se percibe en el Verde ecologista\u2026 partidos de j\u00f3venes y en la misma l\u00ednea va Movimiento Ciudadano\u2026 donde poco se ve es en el PAN que a como van las cosas, el relevo generacional es tan distante como los seis a\u00f1os que le restan a Claudia Sheinbaum en el poder\u2026 aunque los azules no son los \u00fanicos, porque el aliado de Morena y PVEM no canta mal las rancheras\u2026 el relevo generacional en el PT s\u00f3lo se contempla entre familiares porque no creemos que si Vicente Aguilar Aguilar ocupa una curul en el Congreso del Estado, deje la dirigencia del partido\u2026 para qu\u00e9? S\u00ed as\u00ed le ha funcionado su partido, qu\u00e9 tiene que cambiarle\u2026<\/p>\n\n\n\n<p>Ya nom\u00e1s para que quede constancia: Una cosa es Abr\u00f3n! Otra: Car\u00f3n! Y una m\u00e1s: Aar\u00f3n!<\/p>\n","protected":false},"excerpt":{"rendered":"<p>Los Pol\u00edticos Salvador Mu\u00f1oz Carlos Marcelo Ruiz S\u00e1nchez dejar\u00e1 una grata impresi\u00f3n luego de que deje la dirigencia del PVEM una vez que ponga sus pompis en el mullido coj\u00edn de la curul local; con ello, da paso al jovenazo de 34 a\u00f1os, Edgar Herrera Lendechy, quien ha de tomar las riendas en el partido [&hellip;]<\/p>\n","protected":false},"author":2476,"featured_media":387,"comment_status":"open","ping_status":"open","sticky":false,"template":"","format":"standard","meta":{"_jetpack_memberships_contains_paid_content":false,"footnotes":""},"categories":[11],"tags":[],"class_list":["post-60073","post","type-post","status-publish","format-standard","has-post-thumbnail","hentry","category-opinion"],"jetpack_featured_media_url":"https:\/\/encuentroinformativo.com.mx\/wp-content\/uploads\/2020\/03\/7CF8A22B-2764-47BE-8F7F-38FE9E5D6A2F.jpeg","jetpack_sharing_enabled":true,"jetpack_likes_enabled":true,"amp_enabled":true,"_links":{"self":[{"href":"https:\/\/encuentroinformativo.com.mx\/index.php?rest_route=\/wp\/v2\/posts\/60073","targetHints":{"allow":["GET"]}}],"collection":[{"href":"https:\/\/encuentroinformativo.com.mx\/index.php?rest_route=\/wp\/v2\/posts"}],"about":[{"href":"https:\/\/encuentroinformativo.com.mx\/index.php?rest_route=\/wp\/v2\/types\/post"}],"author":[{"embeddable":true,"href":"https:\/\/encuentroinformativo.com.mx\/index.php?rest_route=\/wp\/v2\/users\/2476"}],"replies":[{"embeddable":true,"href":"https:\/\/encuentroinformativo.com.mx\/index.php?rest_route=%2Fwp%2Fv2%2Fcomments&post=60073"}],"version-history":[{"count":1,"href":"https:\/\/encuentroinformativo.com.mx\/index.php?rest_route=\/wp\/v2\/posts\/60073\/revisions"}],"predecessor-version":[{"id":60074,"href":"https:\/\/encuentroinformativo.com.mx\/index.php?rest_route=\/wp\/v2\/posts\/60073\/revisions\/60074"}],"wp:featuredmedia":[{"embeddable":true,"href":"https:\/\/encuentroinformativo.com.mx\/index.php?rest_route=\/wp\/v2\/media\/387"}],"wp:attachment":[{"href":"https:\/\/encuentroinformativo.com.mx\/index.php?rest_route=%2Fwp%2Fv2%2Fmedia&parent=60073"}],"wp:term":[{"taxonomy":"category","embeddable":true,"href":"https:\/\/encuentroinformativo.com.mx\/index.php?rest_route=%2Fwp%2Fv2%2Fcategories&post=60073"},{"taxonomy":"post_tag","embeddable":true,"href":"https:\/\/encuentroinformativo.com.mx\/index.php?rest_route=%2Fwp%2Fv2%2Ftags&post=60073"}],"curies":[{"name":"wp","href":"https:\/\/api.w.org\/{rel}","templated":true}]}}