{"id":60076,"date":"2024-10-29T11:40:03","date_gmt":"2024-10-29T17:40:03","guid":{"rendered":"https:\/\/encuentroinformativo.com.mx\/?p=60076"},"modified":"2024-10-29T11:40:09","modified_gmt":"2024-10-29T17:40:09","slug":"anuncian-decima-edicion-de-la-verbena-del-vino-mexicano","status":"publish","type":"post","link":"https:\/\/encuentroinformativo.com.mx\/?p=60076","title":{"rendered":"Anuncian d\u00e9cima edici\u00f3n de la Verbena del Vino Mexicano"},"content":{"rendered":"\n<p><strong>Alejandro \u00c1vila<\/strong><\/p>\n\n\n\n<p>Veracruz, Ver.- Del 30 de noviembre al 1 de diciembre se realizar\u00e1 en el puerto de Veracruz la d\u00e9cima edici\u00f3n de la Verbena del Vino Mexicano, durante ese fin de semana, el s\u00e1bado se realizar\u00e1 el concierto en el World Trade Center de Boca del R\u00edo del 90&#8217;s Pop Tours; para ambos eventos se espera una afluencia de m\u00e1s de 15 mil personas.<\/p>\n\n\n\n<p>Anda Luz Van Eick, directora de log\u00edstica de la Verbena del Vino, dio a conocer que son m\u00e1s de 30 productores de vino de la Rep\u00fablica Mexicana los que se presentar\u00e1n en Veracruz, y destac\u00f3 que, este evento se ha posicionado como el tercero m\u00e1s importante para los vitivin\u00edcolas a nivel nacional.<\/p>\n\n\n\n<p>&#8220;Hoy en d\u00eda estamos muy bendecidos porque son 10 a\u00f1os en el gusto de los jarochos, el primero la verdad es que fue una gran interrogante, saber si al jarocho consumidor de cerveza le iba a dar la oportunidad a una copa de vino, la sorpresa fue que s\u00ed, cuando esper\u00e1bamos a mil personas llegaron dos mil, y para esta d\u00e9cima verbena ya esperamos a 10 mil personas&#8221;, coment\u00f3 Ana Luz Van Eick.<\/p>\n\n\n\n<p>Las entradas para el evento ya se encuentran disponibles a trav\u00e9s de la p\u00e1gina de Facebook de la Verbena del Vino Mexicano, qui\u00e9nes adquieran su boleto ser\u00e1n acreedores al acceso para los dos d\u00edas del evento, una copa conmemorativa coleccionable y 10 degustaciones de alguna de las 30 casas vin\u00edcolas que se presentar\u00e1n.<\/p>\n","protected":false},"excerpt":{"rendered":"<p>Alejandro \u00c1vila Veracruz, Ver.- Del 30 de noviembre al 1 de diciembre se realizar\u00e1 en el puerto de Veracruz la d\u00e9cima edici\u00f3n de la Verbena del Vino Mexicano, durante ese fin de semana, el s\u00e1bado se realizar\u00e1 el concierto en el World Trade Center de Boca del R\u00edo del 90&#8217;s Pop Tours; para ambos eventos [&hellip;]<\/p>\n","protected":false},"author":2476,"featured_media":60077,"comment_status":"open","ping_status":"open","sticky":false,"template":"","format":"standard","meta":{"_jetpack_memberships_contains_paid_content":false,"footnotes":""},"categories":[2],"tags":[],"class_list":["post-60076","post","type-post","status-publish","format-standard","has-post-thumbnail","hentry","category-estado"],"jetpack_featured_media_url":"https:\/\/encuentroinformativo.com.mx\/wp-content\/uploads\/2024\/10\/IMG-20241029-WA00182.jpg","jetpack_sharing_enabled":true,"jetpack_likes_enabled":true,"amp_enabled":true,"_links":{"self":[{"href":"https:\/\/encuentroinformativo.com.mx\/index.php?rest_route=\/wp\/v2\/posts\/60076","targetHints":{"allow":["GET"]}}],"collection":[{"href":"https:\/\/encuentroinformativo.com.mx\/index.php?rest_route=\/wp\/v2\/posts"}],"about":[{"href":"https:\/\/encuentroinformativo.com.mx\/index.php?rest_route=\/wp\/v2\/types\/post"}],"author":[{"embeddable":true,"href":"https:\/\/encuentroinformativo.com.mx\/index.php?rest_route=\/wp\/v2\/users\/2476"}],"replies":[{"embeddable":true,"href":"https:\/\/encuentroinformativo.com.mx\/index.php?rest_route=%2Fwp%2Fv2%2Fcomments&post=60076"}],"version-history":[{"count":1,"href":"https:\/\/encuentroinformativo.com.mx\/index.php?rest_route=\/wp\/v2\/posts\/60076\/revisions"}],"predecessor-version":[{"id":60078,"href":"https:\/\/encuentroinformativo.com.mx\/index.php?rest_route=\/wp\/v2\/posts\/60076\/revisions\/60078"}],"wp:featuredmedia":[{"embeddable":true,"href":"https:\/\/encuentroinformativo.com.mx\/index.php?rest_route=\/wp\/v2\/media\/60077"}],"wp:attachment":[{"href":"https:\/\/encuentroinformativo.com.mx\/index.php?rest_route=%2Fwp%2Fv2%2Fmedia&parent=60076"}],"wp:term":[{"taxonomy":"category","embeddable":true,"href":"https:\/\/encuentroinformativo.com.mx\/index.php?rest_route=%2Fwp%2Fv2%2Fcategories&post=60076"},{"taxonomy":"post_tag","embeddable":true,"href":"https:\/\/encuentroinformativo.com.mx\/index.php?rest_route=%2Fwp%2Fv2%2Ftags&post=60076"}],"curies":[{"name":"wp","href":"https:\/\/api.w.org\/{rel}","templated":true}]}}