{"id":6009,"date":"2020-09-21T09:16:10","date_gmt":"2020-09-21T14:16:10","guid":{"rendered":"https:\/\/encuentroinformativo.com.mx\/?p=6009"},"modified":"2020-09-21T09:16:13","modified_gmt":"2020-09-21T14:16:13","slug":"sera-que-a-fernando-lo-dejen-solo-el-papa-y-el-hermano","status":"publish","type":"post","link":"https:\/\/encuentroinformativo.com.mx\/?p=6009","title":{"rendered":"\u00bfSER\u00c1 QUE A FERNANDO LO DEJEN SOLO EL PAP\u00c1 Y EL HERMANO?"},"content":{"rendered":"\n<p><br><strong>@pablojair<\/strong><\/p>\n\n\n\n<ul class=\"wp-block-list\"><li>Un gran logro en el Poder Judicial.<\/li><li>Les apura la rumba; ojal\u00e1 no se contagien.<\/li><li>Reaparece el \u201cOsito Tequilero\u201d.<\/li><\/ul>\n\n\n\n<p>Casas de campa\u00f1a en la CDMX piden la renuncia de AMLO\u2026 O sea, chale contigo, M\u00e9xico surrealista.<br>&#8211;Chopenjawer<\/p>\n\n\n\n<p>Hay muchas historias, que son del dominio p\u00fablico y van de boca en boca, sobre la mala relaci\u00f3n que existe entre los miembros de la familia Yunes M\u00e1rquez y cabe destacar que hace pocos a\u00f1os mostraban en p\u00fablico otra cara, otra careta, para hacer creer que eran una familia unida y feliz, como aquella foto que circul\u00f3 en donde se ve al exgobernador corriendo con sus hijos &#8211;los m\u00e1s grillos&#8211; en el &#8220;bule&#8221;.<\/p>\n\n\n\n<p>Dicen que el parteaguas definitivo o crucial para que esta mala relaci\u00f3n fuera evidente, se dio cuando el pap\u00e1 perdi\u00f3 la gubernatura y no pudo colocar a su hijo Miguel (el mayorcito) en la silla del Poder Ejecutivo. Que esa derrota fue un duro golpe, demoledor, y caus\u00f3 que la fr\u00e1gil relaci\u00f3n familiar terminara, provocando una ruptura que se ve dif\u00edcil de cicatrizar.<\/p>\n\n\n\n<p>Pero no s\u00f3lo fue la derrota, fue que no cre\u00edan haber perdido contra Cuitl\u00e1huac Garc\u00eda Jim\u00e9nez y los nacos de Morena\u2026 \u00a1O sea, weee!..<\/p>\n\n\n\n<p>Esta ruptura fue evidente, incluso hasta para los propios exempleados del Gobierno de Veracruz &#8211;huestes cercanas a Miguel padre y &#8220;Miguel Chiquito&#8221;&#8211;, pues se comenta que cuando el patriarca estaba por entregar el poder de Palacio de Gobierno, muchos empleados y simpatizantes creyeron ilusamente que iban a ser rescatados por el alcalde de Veracruz, Fernando Yunes M\u00e1rquez (el menorcito), pero \u00e9ste fue contundente y dijo &#8220;ni madres&#8221;; no los acept\u00f3 en la n\u00f3mina y muchos quedaron a la deriva.<\/p>\n\n\n\n<p>La actitud de Fernando hace pensar que tiene una relaci\u00f3n alejada de su padre, el exgobernador, pero tambi\u00e9n de su hermano, el excandidato, a quien ya en los corrillos pol\u00edticos est\u00e1n nominando para ser el pr\u00f3ximo alcalde de Veracruz, aunque no necesariamente por el PAN.<\/p>\n\n\n\n<p>No obstante, en medio de la crisis familiar, errores del alcalde Fernando hacen pensar que, efectivamente, al edil no le interesa para nada la asesor\u00eda de su padre y hermano, o que de plano estos lo dejaron solo.<\/p>\n\n\n\n<p>Este fin de semana, por ejemplo, el alcalde cometi\u00f3 un error al filtrar fotos del senador Julen Rementer\u00eda en chats diciendo que es un vendido porque estaba en &#8220;Casa Veracruz&#8221;, un restaurante con el mismo nombre de la residencia oficial del gobernador en Xalapa.<\/p>\n\n\n\n<p>Y este tipo de error lleva a especular si no ser\u00e1 intencional que el alcalde prefiera regar el tepache para de una vez irle minando el camino al hermano, porque la verdad es un error casi de novatos el exhibirse y empinarse de esa manera tan burda, sin verificar el dato.<\/p>\n\n\n\n<p>Por cierto, ese restaurante siempre se dijo que era una de las propiedades de Gina Dom\u00ednguez, la excoordinadora de Comunicaci\u00f3n Social en el gobierno de Javier Duarte; ahora hay versiones de que el due\u00f1o es Joaqu\u00edn Guzm\u00e1n, pero no el narco, sino el dirigente del PAN estatal apodado &#8220;El Chapito&#8221;.<\/p>\n\n\n\n<p>De entrada, se sabe que el que lleva casi toda la ventaja para ser el candidato del PAN a la alcald\u00eda ser\u00eda Bingen Rementer\u00eda, quien a su vez podr\u00eda ser abanderado del PRD en alianza, a menos que el sol azteca decline jugar con el grupo de los panistas tradicionales que actualmente tiene el control del Comit\u00e9 Estatal y se la juegue solo, y entonces tenga usted el escenario raro de ver a &#8220;Miguel Chiquito&#8221; siendo \u00fanicamente candidato perredista.<\/p>\n\n\n\n<p>En una de esas y si se ponen buzos los de Morena, hasta le quitan la plaza al PAN y a los Yunes, quienes tambi\u00e9n perdieron el poder en la dirigencia estatal.<\/p>\n\n\n\n<p>Bien lo dice la amiga Letty (la que &#8220;brishia&#8221;): &#8220;Empez\u00f3 la madre de todas las batallas en el PAN&#8221;.<\/p>\n\n\n\n<p><strong>NOTA PARA PEGAR EN EL REFRI: <\/strong>Un gran logro de la magistrada presidenta del Tribunal Superior de Justicia, Sof\u00eda Mart\u00ednez Huerta, es el hecho de que a partir de este lunes 21 de septiembre entrar\u00e1 en funciones la Oficial\u00eda de Partes Com\u00fan de Segunda Instancia, en horario de 16 a 24 horas, de lunes a viernes, ubicada en la planta baja del Edificio &#8220;C&#8221; de la Ciudad Judicial en Xalapa, cuyo acceso ser\u00e1 por la caseta de entrada ubicada en la avenida L\u00e1zaro C\u00e1rdenas. En dicho lugar, \u00fanicamente se recibir\u00e1n todo tipo de promociones en calidad de &#8220;t\u00e9rmino judicial&#8221;, que no se pudiesen haber presentado en el horario habitual en la Sala correspondiente. Con lo anterior, queda sin efecto la pr\u00e1ctica de acudir a los domicilios de los Secretarios de Acuerdos de cada Sala, para la entrega de las promociones referidas.<\/p>\n\n\n\n<p><strong>OTRA NOTA<\/strong>: Parece que los jarochos andan que les pica la cola con aquello de irse a bailar y a la rumba, porque no s\u00f3lo abrieron la calle Independencia del puerto de Veracruz para hacer festejos como si no hubiera pandemia y convertirla en un gran bar al aire libre. Tambi\u00e9n all\u00e1 por la zona conurbada Veracruz-Medell\u00edn, se sabe que desde hace m\u00e1s de una semana reabri\u00f3 el antro llamado &#8220;Coco-Loko&#8221;, ubicado en Puente Moreno, que opera sin medidas sanitarias de prevenci\u00f3n y sin respetar la sana distancia, pero con eso de que el alcalde Polo Deschamps anda m\u00e1s entretenido en hacer videos bailando para hacerse el chistoso, pues parece que nom\u00e1s no le ponen atenci\u00f3n al asunto\u2026 Este fin de semana, por ejemplo, se contabilizaron, solamente en una guardia de noche, a 15 pacientes con Covid que ingresaron al hospital de Boca del R\u00edo y atribuyen que podr\u00eda haber sido por la reapertura del Acuario de Veracruz\u2026 As\u00ed que ya saben: si crecen los contagios en la zona conurbada, luego no se quejen por el rebrote.<\/p>\n\n\n\n<p><strong>LA \u00daLTIMA PORQUE ESTA TARDE VI LLOVER, VI GENTE ROMPERSE LA MADRE Y NO ESTABAS T\u00da, CRUSH: <\/strong>\u00bfSe acuerda del &#8220;Osito Tequilero&#8221; que se hizo famoso en el mundial de Brasil 2014?, asunto que le cost\u00f3 la chamba, pues era funcionario de CMAS-Xalapa y andaba parrandeando en aquel pa\u00eds en lugar de estar trabajando. Pues resulta que el vato, llamado Iv\u00e1n Vicente Alarc\u00f3n Cerda, reapareci\u00f3 y ahora sali\u00f3 con que es devoto promotor de Morena, luego de ser priista y pasarse al PAN para apoyar a &#8220;Miguel Chiquito&#8221;. Lo anterior lo inform\u00f3 el portal Versiones, quien tambi\u00e9n dio a conocer la informaci\u00f3n de su viajecito, en exclusiva hace 6 a\u00f1os, a pocos meses de haberse fundado el portal. En esa ocasi\u00f3n, el entonces mun\u00edcipe, Am\u00e9rico Z\u00fa\u00f1iga Mart\u00ednez, dijo a medios de comunicaci\u00f3n que todos los funcionarios p\u00fablicos del Ayuntamiento de Xalapa estaban obligados a cumplir con sus responsabilidades de servir a los xalape\u00f1os y de estar atentos a los problemas de la ciudad. El edil asegur\u00f3 que no avalaba ni estaba de acuerdo con el viaje que el funcionario de la CMAS realiz\u00f3, por lo que a su regreso, fue despedido.<\/p>\n","protected":false},"excerpt":{"rendered":"<p>@pablojair Un gran logro en el Poder Judicial. Les apura la rumba; ojal\u00e1 no se contagien. Reaparece el \u201cOsito Tequilero\u201d. Casas de campa\u00f1a en la CDMX piden la renuncia de AMLO\u2026 O sea, chale contigo, M\u00e9xico surrealista.&#8211;Chopenjawer Hay muchas historias, que son del dominio p\u00fablico y van de boca en boca, sobre la mala relaci\u00f3n [&hellip;]<\/p>\n","protected":false},"author":1,"featured_media":488,"comment_status":"open","ping_status":"open","sticky":false,"template":"","format":"aside","meta":{"_jetpack_memberships_contains_paid_content":false,"footnotes":""},"categories":[11],"tags":[],"class_list":["post-6009","post","type-post","status-publish","format-aside","has-post-thumbnail","hentry","category-opinion","post_format-post-format-aside"],"jetpack_featured_media_url":"https:\/\/encuentroinformativo.com.mx\/wp-content\/uploads\/2020\/03\/F471F608-BA1A-416B-BA7B-BCFB24F4E6D0.jpeg","jetpack_sharing_enabled":true,"jetpack_likes_enabled":true,"amp_enabled":true,"_links":{"self":[{"href":"https:\/\/encuentroinformativo.com.mx\/index.php?rest_route=\/wp\/v2\/posts\/6009","targetHints":{"allow":["GET"]}}],"collection":[{"href":"https:\/\/encuentroinformativo.com.mx\/index.php?rest_route=\/wp\/v2\/posts"}],"about":[{"href":"https:\/\/encuentroinformativo.com.mx\/index.php?rest_route=\/wp\/v2\/types\/post"}],"author":[{"embeddable":true,"href":"https:\/\/encuentroinformativo.com.mx\/index.php?rest_route=\/wp\/v2\/users\/1"}],"replies":[{"embeddable":true,"href":"https:\/\/encuentroinformativo.com.mx\/index.php?rest_route=%2Fwp%2Fv2%2Fcomments&post=6009"}],"version-history":[{"count":1,"href":"https:\/\/encuentroinformativo.com.mx\/index.php?rest_route=\/wp\/v2\/posts\/6009\/revisions"}],"predecessor-version":[{"id":6010,"href":"https:\/\/encuentroinformativo.com.mx\/index.php?rest_route=\/wp\/v2\/posts\/6009\/revisions\/6010"}],"wp:featuredmedia":[{"embeddable":true,"href":"https:\/\/encuentroinformativo.com.mx\/index.php?rest_route=\/wp\/v2\/media\/488"}],"wp:attachment":[{"href":"https:\/\/encuentroinformativo.com.mx\/index.php?rest_route=%2Fwp%2Fv2%2Fmedia&parent=6009"}],"wp:term":[{"taxonomy":"category","embeddable":true,"href":"https:\/\/encuentroinformativo.com.mx\/index.php?rest_route=%2Fwp%2Fv2%2Fcategories&post=6009"},{"taxonomy":"post_tag","embeddable":true,"href":"https:\/\/encuentroinformativo.com.mx\/index.php?rest_route=%2Fwp%2Fv2%2Ftags&post=6009"}],"curies":[{"name":"wp","href":"https:\/\/api.w.org\/{rel}","templated":true}]}}