{"id":60091,"date":"2024-10-29T14:01:40","date_gmt":"2024-10-29T20:01:40","guid":{"rendered":"https:\/\/encuentroinformativo.com.mx\/?p=60091"},"modified":"2024-10-29T14:01:45","modified_gmt":"2024-10-29T20:01:45","slug":"medios-de-comunicacion-deben-ser-responsables-esteban-bautista","status":"publish","type":"post","link":"https:\/\/encuentroinformativo.com.mx\/?p=60091","title":{"rendered":"Medios de comunicaci\u00f3n deben ser responsables: Esteban Bautista"},"content":{"rendered":"\n<p><strong>Dar\u00edo Pale <\/strong><\/p>\n\n\n\n<p>Xalapa, Ver.- El Futuro presidente de la Junta de Coordinaci\u00f3n Pol\u00edtica (JUCOPO), Esteban Bautista Hern\u00e1ndez, llama a la responsabilidad de los medios a la hora de informar y pidi\u00f3 no ser periodistas de &#8220;escritorio&#8221;, no confirma si la diputada Tania Carola ser\u00e1 la pr\u00f3xima presidenta de la Mesa Directiva.\u00a0<\/p>\n\n\n\n<p>En entrevista, invit\u00f3 a los medios de comunicaci\u00f3n a hacer m\u00e1s periodismo de investigaci\u00f3n responsable.<\/p>\n\n\n\n<p>&#8220;No estar detr\u00e1s del escritorio, dar una informaci\u00f3n de o\u00eddas, hay que ir al terreno de los hechos. Yo dije que fui miembro del Ej\u00e9rcito Zapatista en el 94 y cinco d\u00edas estuvimos en la clandestinidad\u201d, se\u00f1al\u00f3.<\/p>\n\n\n\n<p>\u201cFue noticia internacional. El 1 de enero del 94 donde hubo muchos medios internacionales, la BBC de Londres, la agencia EFE, el New York Times, estuvieron mandando informaci\u00f3n al mundo entero de lo que estaba sucediendo&#8221;, agreg\u00f3.<\/p>\n\n\n\n<p>En ese sentido, defini\u00f3 qu\u00e9 har\u00e1 alianzas con los medios de comunicaci\u00f3n que sean responsables, con aquellos a los que les guste su trabajo, que sean profesionales.<\/p>\n\n\n\n<p>&#8220;No con aquella gente que diga: le voy a buscar hasta por debajo de las piedras. No, (no es una advertencia), le estoy diciendo que vamos a hacer alianzas y estoy seguro de que vamos a coincidir con muchos de ustedes&#8221;, sostuvo.<\/p>\n\n\n\n<p>Por otra parte, el pr\u00f3ximo l\u00edder de la bancada de Morena en la Legislatura local, no confirm\u00f3 que la diputada electa Tania Carola vaya a ser la pr\u00f3xima presidenta de la Mesa Directiva.<\/p>\n\n\n\n<p>&#8220;Vamos a ver c\u00f3mo transitamos porque aqu\u00ed todo es acuerdo. Esta comisi\u00f3n que me honro en presidir veo como un \u00f3rgano colegiado. Dice Mussio C\u00e1rdenas: todas las voces, todas las opiniones&#8221;, expres\u00f3.<\/p>\n\n\n\n<p>Adem\u00e1s, sostuvo que no ser\u00e1n una bancada que solamente vayan a levantar la mano, a pesar de que tienen mayor\u00eda calificada.<\/p>\n\n\n\n<p>&#8220;Bienvenido todo voto por el bien de Veracruz, va a gobernar una gran mujer\u2026, todo proyecto, toda iniciativa, todo presupuesto que se distribuya aqu\u00ed a los municipios, ser\u00e1n bien vigilados y tendr\u00e1n un buen destino&#8221;, asegur\u00f3.<\/p>\n\n\n\n<p>Agreg\u00f3 que si hay un voto de Movimiento Ciudadano, del PRI, del PAN, eso es enriquecedor, ello robustecer\u00e1 las iniciativas de la gobernadora Roc\u00edo Nahle Garc\u00eda.<\/p>\n\n\n\n<p>En ese mismo sentido, prometi\u00f3 que vigilar\u00e1n el actuar de la administraci\u00f3n estatal, pese a que son del mismo instituto pol\u00edtico.<\/p>\n\n\n\n<p>&#8220;Es que la Ley es la Ley y no hay distingo, nosotros hacemos leyes y las debemos respetar&#8221;, manifest\u00f3.<\/p>\n\n\n\n<p>Bautista Hern\u00e1ndez coment\u00f3 que todav\u00eda no revisan el tema de las iniciativas que se quedaron pendientes, despu\u00e9s de que concluya el proceso de capacitaci\u00f3n, de toma de protesta y dem\u00e1s, revisar\u00e1n cu\u00e1les podr\u00edan ser retomadas.<\/p>\n\n\n\n<p>Finalmente, reiter\u00f3 que llevar\u00e1n a cabo una auditor\u00eda a la administraci\u00f3n saliente del Congreso del Estado, &#8220;tenemos que ver en qu\u00e9 se aplic\u00f3, en donde se aplic\u00f3, las unidades que nos est\u00e1n entregando, en qu\u00e9 condiciones se encuentran&#8221;.\u00a0<\/p>\n","protected":false},"excerpt":{"rendered":"<p>Dar\u00edo Pale Xalapa, Ver.- El Futuro presidente de la Junta de Coordinaci\u00f3n Pol\u00edtica (JUCOPO), Esteban Bautista Hern\u00e1ndez, llama a la responsabilidad de los medios a la hora de informar y pidi\u00f3 no ser periodistas de &#8220;escritorio&#8221;, no confirma si la diputada Tania Carola ser\u00e1 la pr\u00f3xima presidenta de la Mesa Directiva.\u00a0 En entrevista, invit\u00f3 a [&hellip;]<\/p>\n","protected":false},"author":2476,"featured_media":60092,"comment_status":"open","ping_status":"open","sticky":false,"template":"","format":"standard","meta":{"_jetpack_memberships_contains_paid_content":false,"footnotes":""},"categories":[2],"tags":[],"class_list":["post-60091","post","type-post","status-publish","format-standard","has-post-thumbnail","hentry","category-estado"],"jetpack_featured_media_url":"https:\/\/encuentroinformativo.com.mx\/wp-content\/uploads\/2024\/10\/IMG-20241029-WA0031.jpg","jetpack_sharing_enabled":true,"jetpack_likes_enabled":true,"amp_enabled":true,"_links":{"self":[{"href":"https:\/\/encuentroinformativo.com.mx\/index.php?rest_route=\/wp\/v2\/posts\/60091","targetHints":{"allow":["GET"]}}],"collection":[{"href":"https:\/\/encuentroinformativo.com.mx\/index.php?rest_route=\/wp\/v2\/posts"}],"about":[{"href":"https:\/\/encuentroinformativo.com.mx\/index.php?rest_route=\/wp\/v2\/types\/post"}],"author":[{"embeddable":true,"href":"https:\/\/encuentroinformativo.com.mx\/index.php?rest_route=\/wp\/v2\/users\/2476"}],"replies":[{"embeddable":true,"href":"https:\/\/encuentroinformativo.com.mx\/index.php?rest_route=%2Fwp%2Fv2%2Fcomments&post=60091"}],"version-history":[{"count":1,"href":"https:\/\/encuentroinformativo.com.mx\/index.php?rest_route=\/wp\/v2\/posts\/60091\/revisions"}],"predecessor-version":[{"id":60093,"href":"https:\/\/encuentroinformativo.com.mx\/index.php?rest_route=\/wp\/v2\/posts\/60091\/revisions\/60093"}],"wp:featuredmedia":[{"embeddable":true,"href":"https:\/\/encuentroinformativo.com.mx\/index.php?rest_route=\/wp\/v2\/media\/60092"}],"wp:attachment":[{"href":"https:\/\/encuentroinformativo.com.mx\/index.php?rest_route=%2Fwp%2Fv2%2Fmedia&parent=60091"}],"wp:term":[{"taxonomy":"category","embeddable":true,"href":"https:\/\/encuentroinformativo.com.mx\/index.php?rest_route=%2Fwp%2Fv2%2Fcategories&post=60091"},{"taxonomy":"post_tag","embeddable":true,"href":"https:\/\/encuentroinformativo.com.mx\/index.php?rest_route=%2Fwp%2Fv2%2Ftags&post=60091"}],"curies":[{"name":"wp","href":"https:\/\/api.w.org\/{rel}","templated":true}]}}