{"id":60135,"date":"2024-10-31T10:50:45","date_gmt":"2024-10-31T16:50:45","guid":{"rendered":"https:\/\/encuentroinformativo.com.mx\/?p=60135"},"modified":"2024-10-31T10:50:51","modified_gmt":"2024-10-31T16:50:51","slug":"tepjf-devuelve-diputacion-pluri-a-elizabeth-morales","status":"publish","type":"post","link":"https:\/\/encuentroinformativo.com.mx\/?p=60135","title":{"rendered":"TEPJF devuelve diputaci\u00f3n pluri a Elizabeth Morales"},"content":{"rendered":"\n<p><strong>Dar\u00edo Pale <\/strong><\/p>\n\n\n\n<p>Xalapa, Ver.- Le regresan la diputaci\u00f3n plurinominal a Elizabeth Morales, la Sala Regional Xalapa del Tribunal Electoral del Poder Judicial de la Federaci\u00f3n (TEPJF), modific\u00f3 la sentencia del Tribunal Electoral de Veracruz (TEV) que revoc\u00f3 la diputaci\u00f3n plurinominal a Elizabeth Morales Garc\u00eda, por el Partido del Trabajo, ya que declar\u00f3 fundados los agravios relativos a la asignaci\u00f3n con alternancia por periodo electivo.<\/p>\n\n\n\n<p>El \u00f3rgano jurisdiccional dio a conocer que la sentencia fue impugnada por diversas candidaturas a diputaciones locales, as\u00ed como por los partidos pol\u00edticos MORENA, Acci\u00f3n Nacional (PAN), Revolucionario Institucional (PRI) y Movimiento Ciudadano (MC), respectivamente.<\/p>\n\n\n\n<p>Los institutos pol\u00edticos presentaron agravios relativos a las tem\u00e1ticas: a) transferencia de votos, b) proporcionalidad pura, c) afiliaci\u00f3n efectiva, d) acci\u00f3n afirmativa para pueblos y comunidades ind\u00edgenas, e) asignaci\u00f3n con alternancia por periodo electivo y f) elegibilidad por acci\u00f3n penal.\u00a0<\/p>\n\n\n\n<p>El Pleno de la Sala Regional determin\u00f3 modificar la sentencia impugnada al declarar fundados los agravios relativos a la asignaci\u00f3n con alternancia por periodo electivo, en virtud de que lo decidido por el TEV se apart\u00f3 de lo previsto en el mandato constitucional de paridad de g\u00e9nero.<\/p>\n\n\n\n<p>As\u00ed como al tratamiento que debe darse a ese principio que incluye el mandato de alternancia de g\u00e9nero por periodo electivo, al no ser una regla de compensaci\u00f3n para efectos de la integraci\u00f3n del \u00f3rgano.<\/p>\n\n\n\n<p>En consecuencia, en primer t\u00e9rmino, se dej\u00f3 sin efectos la revocaci\u00f3n realizada por el TEV del acuerdo OPLEV\/CG198\/2024, respecto de los ajustes realizados a las listas de las candidaturas de diputaciones por el principio de representaci\u00f3n proporcional del Partido del Trabajo.<\/p>\n\n\n\n<p>En ese sentido el \u00f3rgano jurisdiccional confirm\u00f3 la asignaci\u00f3n hecha por el OPLE a favor de la f\u00f3rmula de candidaturas por el principio de representaci\u00f3n proporcional postulada por el Partido del Trabajo, integrada por Elizabeth Morales Garc\u00eda y Karla Edith S\u00e1nchez P\u00e9rez, como propietaria y suplente, respectivamente.<\/p>\n\n\n\n<p>De esta manera, la exalcaldesa de Xalapa podr\u00e1 rendir protesta este 5 de noviembre, fecha en la que inicia el nuevo periodo de la nueva Legislatura local.<\/p>\n","protected":false},"excerpt":{"rendered":"<p>Dar\u00edo Pale Xalapa, Ver.- Le regresan la diputaci\u00f3n plurinominal a Elizabeth Morales, la Sala Regional Xalapa del Tribunal Electoral del Poder Judicial de la Federaci\u00f3n (TEPJF), modific\u00f3 la sentencia del Tribunal Electoral de Veracruz (TEV) que revoc\u00f3 la diputaci\u00f3n plurinominal a Elizabeth Morales Garc\u00eda, por el Partido del Trabajo, ya que declar\u00f3 fundados los agravios [&hellip;]<\/p>\n","protected":false},"author":2476,"featured_media":60136,"comment_status":"open","ping_status":"open","sticky":false,"template":"","format":"standard","meta":{"_jetpack_memberships_contains_paid_content":false,"footnotes":""},"categories":[2],"tags":[],"class_list":["post-60135","post","type-post","status-publish","format-standard","has-post-thumbnail","hentry","category-estado"],"jetpack_featured_media_url":"https:\/\/encuentroinformativo.com.mx\/wp-content\/uploads\/2024\/10\/IMG-20241031-WA0010.jpg","jetpack_sharing_enabled":true,"jetpack_likes_enabled":true,"amp_enabled":true,"_links":{"self":[{"href":"https:\/\/encuentroinformativo.com.mx\/index.php?rest_route=\/wp\/v2\/posts\/60135","targetHints":{"allow":["GET"]}}],"collection":[{"href":"https:\/\/encuentroinformativo.com.mx\/index.php?rest_route=\/wp\/v2\/posts"}],"about":[{"href":"https:\/\/encuentroinformativo.com.mx\/index.php?rest_route=\/wp\/v2\/types\/post"}],"author":[{"embeddable":true,"href":"https:\/\/encuentroinformativo.com.mx\/index.php?rest_route=\/wp\/v2\/users\/2476"}],"replies":[{"embeddable":true,"href":"https:\/\/encuentroinformativo.com.mx\/index.php?rest_route=%2Fwp%2Fv2%2Fcomments&post=60135"}],"version-history":[{"count":1,"href":"https:\/\/encuentroinformativo.com.mx\/index.php?rest_route=\/wp\/v2\/posts\/60135\/revisions"}],"predecessor-version":[{"id":60137,"href":"https:\/\/encuentroinformativo.com.mx\/index.php?rest_route=\/wp\/v2\/posts\/60135\/revisions\/60137"}],"wp:featuredmedia":[{"embeddable":true,"href":"https:\/\/encuentroinformativo.com.mx\/index.php?rest_route=\/wp\/v2\/media\/60136"}],"wp:attachment":[{"href":"https:\/\/encuentroinformativo.com.mx\/index.php?rest_route=%2Fwp%2Fv2%2Fmedia&parent=60135"}],"wp:term":[{"taxonomy":"category","embeddable":true,"href":"https:\/\/encuentroinformativo.com.mx\/index.php?rest_route=%2Fwp%2Fv2%2Fcategories&post=60135"},{"taxonomy":"post_tag","embeddable":true,"href":"https:\/\/encuentroinformativo.com.mx\/index.php?rest_route=%2Fwp%2Fv2%2Ftags&post=60135"}],"curies":[{"name":"wp","href":"https:\/\/api.w.org\/{rel}","templated":true}]}}