{"id":60138,"date":"2024-10-31T10:54:37","date_gmt":"2024-10-31T16:54:37","guid":{"rendered":"https:\/\/encuentroinformativo.com.mx\/?p=60138"},"modified":"2024-10-31T10:54:42","modified_gmt":"2024-10-31T16:54:42","slug":"javier-herrera-inicia-proyecto-para-homologar-fiscalizacion-de-cuentas-publicas-en-mexico","status":"publish","type":"post","link":"https:\/\/encuentroinformativo.com.mx\/?p=60138","title":{"rendered":"Javier Herrera inicia proyecto para homologar fiscalizaci\u00f3n de Cuentas P\u00fablicas en M\u00e9xico"},"content":{"rendered":"\n<p><strong>Alejandro \u00c1vila<\/strong><\/p>\n\n\n\n<p>Veracruz, Ver.- El presidente de la comisi\u00f3n de Vigilancia de la Auditor\u00eda Superior de la Federaci\u00f3n, Javier Herrera Borunda, mencion\u00f3 el Pleno de San L\u00e1zaro que en pr\u00f3ximas fechas presentar\u00e1 una Agenda de Foros Estatales con la finalidad de homologar la fiscalizaci\u00f3n de las Cuentas P\u00fablicas en M\u00e9xico.<\/p>\n\n\n\n<p>Ante la presencia de David Rogelio Colmenares P\u00e1ramo, titular de la Auditor\u00eda Superior de la Federaci\u00f3n (ASF) y su equipo, el legislador veracruzano reconoci\u00f3 que existe una agenda pendiente que se vuelve un \u00e1rea de oportunidad para M\u00e9xico.<\/p>\n\n\n\n<p>&#8220;Me refiero precisamente a la homologaci\u00f3n legislativa de criterios de fiscalizaci\u00f3n y rendici\u00f3n de cuentas en las entidades federativas, debemos de adoptar la misi\u00f3n de abogar porque los Estados alinien su marco jur\u00eddico con el de la Federaci\u00f3n respetando en todo momento su federalismo pero con el pleno conocimiento de que gran parte de los recursos que ejercen vienen de la Federaci\u00f3n, no podemos permitir que se solapen malos manejos de los recursos de los mexicanos, por una legislaci\u00f3n ambigua, desactualizada, inclusive inconstitucional o ilegal. Me queda claro que no somos legisladores locales pero el problema es real y debemos junto con la Auditor\u00eda Superior de ser promotores de ese esfuerzo, para lo cual les propondr\u00e9 en los pr\u00f3ximos d\u00edas una agenda ambiciosa de foros estatales con autoridades locales y sociedad organizada, que busquen precisamente esa armonizaci\u00f3n&#8221;, expres\u00f3.<\/p>\n\n\n\n<p>Durante la segunda entrega de los informes individuales de la Auditor\u00eda Superior de la Federaci\u00f3n, correspondientes Cuenta p\u00fablica 2023, Herrera Borunda aclar\u00f3 que dichos expedientes no son solo datos o n\u00fameros fr\u00edos, sino una ventana a la realidad de como se manejan los recursos de los mexicanos.<\/p>\n\n\n\n<p>&#8220;No basta con la mera revisi\u00f3n, estos informes que nos entregan nuestros \u00f3rganos especializados tenemos que ver que cumple con los principios de eficiencia, legalidad y transparencia&#8221;, sentenci\u00f3.<\/p>\n","protected":false},"excerpt":{"rendered":"<p>Alejandro \u00c1vila Veracruz, Ver.- El presidente de la comisi\u00f3n de Vigilancia de la Auditor\u00eda Superior de la Federaci\u00f3n, Javier Herrera Borunda, mencion\u00f3 el Pleno de San L\u00e1zaro que en pr\u00f3ximas fechas presentar\u00e1 una Agenda de Foros Estatales con la finalidad de homologar la fiscalizaci\u00f3n de las Cuentas P\u00fablicas en M\u00e9xico. Ante la presencia de David [&hellip;]<\/p>\n","protected":false},"author":2476,"featured_media":60139,"comment_status":"open","ping_status":"open","sticky":false,"template":"","format":"standard","meta":{"_jetpack_memberships_contains_paid_content":false,"footnotes":""},"categories":[12],"tags":[],"class_list":["post-60138","post","type-post","status-publish","format-standard","has-post-thumbnail","hentry","category-nacional"],"jetpack_featured_media_url":"https:\/\/encuentroinformativo.com.mx\/wp-content\/uploads\/2024\/10\/IMG-20241031-WA0011.jpg","jetpack_sharing_enabled":true,"jetpack_likes_enabled":true,"amp_enabled":true,"_links":{"self":[{"href":"https:\/\/encuentroinformativo.com.mx\/index.php?rest_route=\/wp\/v2\/posts\/60138","targetHints":{"allow":["GET"]}}],"collection":[{"href":"https:\/\/encuentroinformativo.com.mx\/index.php?rest_route=\/wp\/v2\/posts"}],"about":[{"href":"https:\/\/encuentroinformativo.com.mx\/index.php?rest_route=\/wp\/v2\/types\/post"}],"author":[{"embeddable":true,"href":"https:\/\/encuentroinformativo.com.mx\/index.php?rest_route=\/wp\/v2\/users\/2476"}],"replies":[{"embeddable":true,"href":"https:\/\/encuentroinformativo.com.mx\/index.php?rest_route=%2Fwp%2Fv2%2Fcomments&post=60138"}],"version-history":[{"count":1,"href":"https:\/\/encuentroinformativo.com.mx\/index.php?rest_route=\/wp\/v2\/posts\/60138\/revisions"}],"predecessor-version":[{"id":60140,"href":"https:\/\/encuentroinformativo.com.mx\/index.php?rest_route=\/wp\/v2\/posts\/60138\/revisions\/60140"}],"wp:featuredmedia":[{"embeddable":true,"href":"https:\/\/encuentroinformativo.com.mx\/index.php?rest_route=\/wp\/v2\/media\/60139"}],"wp:attachment":[{"href":"https:\/\/encuentroinformativo.com.mx\/index.php?rest_route=%2Fwp%2Fv2%2Fmedia&parent=60138"}],"wp:term":[{"taxonomy":"category","embeddable":true,"href":"https:\/\/encuentroinformativo.com.mx\/index.php?rest_route=%2Fwp%2Fv2%2Fcategories&post=60138"},{"taxonomy":"post_tag","embeddable":true,"href":"https:\/\/encuentroinformativo.com.mx\/index.php?rest_route=%2Fwp%2Fv2%2Ftags&post=60138"}],"curies":[{"name":"wp","href":"https:\/\/api.w.org\/{rel}","templated":true}]}}