{"id":60147,"date":"2024-10-31T15:12:50","date_gmt":"2024-10-31T21:12:50","guid":{"rendered":"https:\/\/encuentroinformativo.com.mx\/?p=60147"},"modified":"2024-10-31T15:12:56","modified_gmt":"2024-10-31T21:12:56","slug":"roban-base-de-datos-del-pt-en-veracruz-puerto","status":"publish","type":"post","link":"https:\/\/encuentroinformativo.com.mx\/?p=60147","title":{"rendered":"Roban base de datos del PT en Veracruz puerto"},"content":{"rendered":"\n<p><strong>Alejandro \u00c1vila<\/strong><\/p>\n\n\n\n<p>Veracruz, Ver.- Por segunda ocasi\u00f3n las oficinas regionales del Partido del Trabajo en Veracruz puerto fueron violentadas, y adem\u00e1s de los da\u00f1os materiales, los ladrones sustrajeron su base de datos.<\/p>\n\n\n\n<p>Los hechos ocurrieron la madrugada de este mi\u00e9rcoles 29 de octubre en la calle Hip\u00f3lito Deschamps del fraccionamiento Moderno, zona que se ha convertido en un &#8220;Foco Rojo&#8221; durante los \u00faltimos meses, ya que los vecinos han reportado diversos atracos en los alrededores.<\/p>\n\n\n\n<p>El coordinador del PT en Veracruz, Carlos D\u00edaz, mencion\u00f3 que esta es la segunda ocasi\u00f3n en el 2024 que sus oficinas son vulneradas, por lo que nuevamente acudi\u00f3 a poner una denuncia formal ante la Fiscal\u00eda General del Estado.<\/p>\n\n\n\n<p>&#8220;Principalmente se robaron nuevamente la computadora donde est\u00e1 la base de datos de afiliados del partido, y pues informaci\u00f3n de lo m\u00e1s importante del PT est\u00e1 en esa computadora, la computadora principal. Se robaron dos televisores, una grande pantalla plana de 60 pulgadas, una de 50 pulgadas, y ya m\u00e1s menos entre todo el valor de lo que se robaron es de 125 mil pesos. No les dio tiempo de llevarse mucho, yo creo que por la cantidad de gente que ha de haber ido, yo creo que han de haber ido uno o dos m\u00e1ximo, fue en la madrugada porque aprovecharon a que no hab\u00eda nadie en la oficina, la mayor\u00eda and\u00e1bamos en el velorio de un compa\u00f1ero&#8221;, relat\u00f3.<\/p>\n\n\n\n<p>Finalmente, dijo que desde el Partido del Trabajo exigen a las autoridades correspondientes una investigaci\u00f3n exhaustiva para dar con los responsables y, sobre todo, garantizar la seguridad necesaria para que estos hechos no se repitan.<\/p>\n","protected":false},"excerpt":{"rendered":"<p>Alejandro \u00c1vila Veracruz, Ver.- Por segunda ocasi\u00f3n las oficinas regionales del Partido del Trabajo en Veracruz puerto fueron violentadas, y adem\u00e1s de los da\u00f1os materiales, los ladrones sustrajeron su base de datos. Los hechos ocurrieron la madrugada de este mi\u00e9rcoles 29 de octubre en la calle Hip\u00f3lito Deschamps del fraccionamiento Moderno, zona que se ha [&hellip;]<\/p>\n","protected":false},"author":2476,"featured_media":60148,"comment_status":"open","ping_status":"open","sticky":false,"template":"","format":"standard","meta":{"_jetpack_memberships_contains_paid_content":false,"footnotes":""},"categories":[2],"tags":[],"class_list":["post-60147","post","type-post","status-publish","format-standard","has-post-thumbnail","hentry","category-estado"],"jetpack_featured_media_url":"https:\/\/encuentroinformativo.com.mx\/wp-content\/uploads\/2024\/10\/IMG-20241031-WA0042.jpg","jetpack_sharing_enabled":true,"jetpack_likes_enabled":true,"amp_enabled":true,"_links":{"self":[{"href":"https:\/\/encuentroinformativo.com.mx\/index.php?rest_route=\/wp\/v2\/posts\/60147","targetHints":{"allow":["GET"]}}],"collection":[{"href":"https:\/\/encuentroinformativo.com.mx\/index.php?rest_route=\/wp\/v2\/posts"}],"about":[{"href":"https:\/\/encuentroinformativo.com.mx\/index.php?rest_route=\/wp\/v2\/types\/post"}],"author":[{"embeddable":true,"href":"https:\/\/encuentroinformativo.com.mx\/index.php?rest_route=\/wp\/v2\/users\/2476"}],"replies":[{"embeddable":true,"href":"https:\/\/encuentroinformativo.com.mx\/index.php?rest_route=%2Fwp%2Fv2%2Fcomments&post=60147"}],"version-history":[{"count":1,"href":"https:\/\/encuentroinformativo.com.mx\/index.php?rest_route=\/wp\/v2\/posts\/60147\/revisions"}],"predecessor-version":[{"id":60149,"href":"https:\/\/encuentroinformativo.com.mx\/index.php?rest_route=\/wp\/v2\/posts\/60147\/revisions\/60149"}],"wp:featuredmedia":[{"embeddable":true,"href":"https:\/\/encuentroinformativo.com.mx\/index.php?rest_route=\/wp\/v2\/media\/60148"}],"wp:attachment":[{"href":"https:\/\/encuentroinformativo.com.mx\/index.php?rest_route=%2Fwp%2Fv2%2Fmedia&parent=60147"}],"wp:term":[{"taxonomy":"category","embeddable":true,"href":"https:\/\/encuentroinformativo.com.mx\/index.php?rest_route=%2Fwp%2Fv2%2Fcategories&post=60147"},{"taxonomy":"post_tag","embeddable":true,"href":"https:\/\/encuentroinformativo.com.mx\/index.php?rest_route=%2Fwp%2Fv2%2Ftags&post=60147"}],"curies":[{"name":"wp","href":"https:\/\/api.w.org\/{rel}","templated":true}]}}