{"id":6016,"date":"2020-09-21T14:11:18","date_gmt":"2020-09-21T19:11:18","guid":{"rendered":"https:\/\/encuentroinformativo.com.mx\/?p=6016"},"modified":"2020-09-21T14:11:21","modified_gmt":"2020-09-21T19:11:21","slug":"veracruz-con-subejercicio-de-mil-300-mdp-diputado","status":"publish","type":"post","link":"https:\/\/encuentroinformativo.com.mx\/?p=6016","title":{"rendered":"Veracruz con subejercicio de mil 300 mdp: Diputado"},"content":{"rendered":"\n<p><strong>Dar\u00edo Pale <\/strong><\/p>\n\n\n\n<p>Xalapa, Ver.- Hacen un llamado al Gobernador Cuitl\u00e1huac Garc\u00eda Jim\u00e9nez para que se ponga a trabajar en materia de infraestructura y saque de su equipo a personas incompetentes y torpes que no saben ejercer los recursos p\u00fablicos en materia de infraestructura, as\u00ed lo se\u00f1al\u00f3 el diputado federal de Morena, Ricardo Delsol Estrada.<\/p>\n\n\n\n<p>En conferencia de prensa realizada en conocido caf\u00e9 del centro de Xalapa, el legislador federal reconoci\u00f3 que el senador Ricardo Ahued busca que se sancione el subejercicio, por lo que su postura es que seguir\u00e1 se\u00f1alando que si se ejercen los recursos de manera adecuada.<\/p>\n\n\n\n<p>&#8220;Que me disculpe el compa\u00f1ero Gobernador, el \u00fanico mensaje que le podemos enviar es que se ponga a chambear y aqu\u00ed hay buen material para que pueda sacar el Estado adelante. No podemos tener un estado que se use para la pr\u00e1ctica y para ver si salen bien las cosas&#8221;, indic\u00f3.<\/p>\n\n\n\n<p>Reconoci\u00f3 que si bien dos a\u00f1os son suficientes para haber aprendido de la administraci\u00f3n p\u00fablica el problema es que antes no le dec\u00edan nada al Mandatario, pero ahora hay un grupo de empresarios que estar\u00e1 se\u00f1alando todas las fallas.<\/p>\n\n\n\n<p>&#8220;Por eso ahora est\u00e1n saliendo a se\u00f1alar las cosas que est\u00e1n mal, pero tambi\u00e9n est\u00e1n se\u00f1alando c\u00f3mo pueden sacar al Estado adelante&#8221;, coment\u00f3.<\/p>\n\n\n\n<p>Lo anterior lo dio a conocer ya que, &#8220;en Veracruz hicimos el an\u00e1lisis hace 15 d\u00edas, donde Veracruz tiene un suberjercicio de mil 300 millones de pesos, un subejercicio que pudiera apoyar al ramo de la construcci\u00f3n, detonar el empleo, pero vemos que el Gobernador no se ha puesto las pilas y aclaro, es de Morena y soy de Morena, pero la corrupci\u00f3n no tiene colores, la ineptitud tampoco tiene colores y hay que se\u00f1alarlo&#8221;.<\/p>\n\n\n\n<p>Defini\u00f3 que no solapar\u00e1n a compa\u00f1eros &#8220;incompetentes&#8221; y &#8220;torpes&#8221; que teniendo el recurso y un buen equipo de constructores, no dispersa los recursos y luego lo tienen que regresar a la Federaci\u00f3n porque no supieron qu\u00e9 hacer.<\/p>\n\n\n\n<p>Dijo que no le gustar\u00eda pensar que en Veracruz el dinero solamente se estaba &#8220;apachurrando&#8221; para generar intereses, es decir, que se estuviera jineteando.<\/p>\n\n\n\n<p>&#8220;No se vale. Veracruz no se merece que est\u00e9 pasando eso. Se necesita gente competente, que tome la riendas del Estado. Ya lo demostr\u00f3 y esto es una llamada de atenci\u00f3n para que se pongan a trabajar. Ese es el compromiso que adquirieron no solamente con el sector de la construcci\u00f3n, sino con todo el pueblo de Veracruz&#8221;, expuso.<\/p>\n\n\n\n<p>Finalmente, llam\u00f3 tambi\u00e9n al diputado federal de Morena, Ricardo Exome quien es el presidente de la Comisi\u00f3n de Infraestructura en la c\u00e1mara de Diputados para que cuando se lleven a cabo este tipo de conferencias de prensa, con el sector de la construcci\u00f3n, se aparezca, &#8220;yo no s\u00e9 a que rehuye, pero aqu\u00ed est\u00e1n los compa\u00f1eros constructores de Veracruz, a los cuales \u00e9l se debe y yo creo que deber\u00eda de dar la cara&#8221;.<\/p>\n","protected":false},"excerpt":{"rendered":"<p>Dar\u00edo Pale Xalapa, Ver.- Hacen un llamado al Gobernador Cuitl\u00e1huac Garc\u00eda Jim\u00e9nez para que se ponga a trabajar en materia de infraestructura y saque de su equipo a personas incompetentes y torpes que no saben ejercer los recursos p\u00fablicos en materia de infraestructura, as\u00ed lo se\u00f1al\u00f3 el diputado federal de Morena, Ricardo Delsol Estrada. En [&hellip;]<\/p>\n","protected":false},"author":1,"featured_media":6017,"comment_status":"open","ping_status":"open","sticky":false,"template":"","format":"aside","meta":{"_jetpack_memberships_contains_paid_content":false,"footnotes":""},"categories":[2],"tags":[],"class_list":["post-6016","post","type-post","status-publish","format-aside","has-post-thumbnail","hentry","category-estado","post_format-post-format-aside"],"jetpack_featured_media_url":"https:\/\/encuentroinformativo.com.mx\/wp-content\/uploads\/2020\/09\/5C6BADFB-1376-4644-B2F2-71DC617B1D63.jpeg","jetpack_sharing_enabled":true,"jetpack_likes_enabled":true,"amp_enabled":true,"_links":{"self":[{"href":"https:\/\/encuentroinformativo.com.mx\/index.php?rest_route=\/wp\/v2\/posts\/6016","targetHints":{"allow":["GET"]}}],"collection":[{"href":"https:\/\/encuentroinformativo.com.mx\/index.php?rest_route=\/wp\/v2\/posts"}],"about":[{"href":"https:\/\/encuentroinformativo.com.mx\/index.php?rest_route=\/wp\/v2\/types\/post"}],"author":[{"embeddable":true,"href":"https:\/\/encuentroinformativo.com.mx\/index.php?rest_route=\/wp\/v2\/users\/1"}],"replies":[{"embeddable":true,"href":"https:\/\/encuentroinformativo.com.mx\/index.php?rest_route=%2Fwp%2Fv2%2Fcomments&post=6016"}],"version-history":[{"count":1,"href":"https:\/\/encuentroinformativo.com.mx\/index.php?rest_route=\/wp\/v2\/posts\/6016\/revisions"}],"predecessor-version":[{"id":6018,"href":"https:\/\/encuentroinformativo.com.mx\/index.php?rest_route=\/wp\/v2\/posts\/6016\/revisions\/6018"}],"wp:featuredmedia":[{"embeddable":true,"href":"https:\/\/encuentroinformativo.com.mx\/index.php?rest_route=\/wp\/v2\/media\/6017"}],"wp:attachment":[{"href":"https:\/\/encuentroinformativo.com.mx\/index.php?rest_route=%2Fwp%2Fv2%2Fmedia&parent=6016"}],"wp:term":[{"taxonomy":"category","embeddable":true,"href":"https:\/\/encuentroinformativo.com.mx\/index.php?rest_route=%2Fwp%2Fv2%2Fcategories&post=6016"},{"taxonomy":"post_tag","embeddable":true,"href":"https:\/\/encuentroinformativo.com.mx\/index.php?rest_route=%2Fwp%2Fv2%2Ftags&post=6016"}],"curies":[{"name":"wp","href":"https:\/\/api.w.org\/{rel}","templated":true}]}}