{"id":60163,"date":"2024-10-31T15:41:08","date_gmt":"2024-10-31T21:41:08","guid":{"rendered":"https:\/\/encuentroinformativo.com.mx\/?p=60163"},"modified":"2024-10-31T15:41:13","modified_gmt":"2024-10-31T21:41:13","slug":"catrinas-inundaron-centro-historico-de-veracruz","status":"publish","type":"post","link":"https:\/\/encuentroinformativo.com.mx\/?p=60163","title":{"rendered":"Catrinas inundaron Centro Hist\u00f3rico de Veracruz"},"content":{"rendered":"\n<p><strong>Alejandro \u00c1vila<\/strong><\/p>\n\n\n\n<p>Veracruz, Ver.- El Papaqui de Catrinas \u201cTradiciones Mexicanas\u201d convocado por la Academia de Belleza Reflejos y el Comit\u00e9 del Carnaval de Veracruz realizado la tarde\/noche de este mi\u00e9rcoles, super\u00f3 cualquier tipo de expectativas al congregar a cientos de asistentes en el Centro Hist\u00f3rico.<\/p>\n\n\n\n<p>La Academia de Belleza \u201cReflejos\u201d, con el apoyo y participaci\u00f3n del Comit\u00e9 del Carnaval de Veracruz realiz\u00f3 por onceavo a\u00f1o consecutivo este Papaqui de Catrinas que busca preservar e inculcar el amor a las tradiciones mexicanas.<\/p>\n\n\n\n<p>Cientos de asistentes congregados en la avenida Independencia admiraron las Catrinas Novias, Catrinas Monocrom\u00e1ticas, Catrinas Talavera, Catrinas Papel Picado, Catrinas Tradicionales, Catrinas Garbanceras y Catrinas Viuda Negra, causando admiraci\u00f3n y los mejore elogios.<\/p>\n\n\n\n<p>Se cont\u00f3 con la participaci\u00f3n de la Corte Real del centenario del Carnaval de Veracruz, Bastoneras de Susy, comparsas, batucadas, la Banda de M\u00fasica del Ayuntamiento de Veracruz, reinas de belleza, el cantante Oskar Lobbo, el Mariachi Los Caporales, el cantante veracruzano Uriel, Vital, influencers y p\u00fablico en general que se sum\u00f3 a este gran Papaqui.<\/p>\n\n\n\n<p>El desfile concluy\u00f3 en la Plaza de la Rep\u00fablica con una divertida Verbena Popular, una Pasarela de Catrinas y la premiaci\u00f3n de las mejores caracterizaciones, tanto del alumnado de la Academia de Belleza \u201cReflejos\u201d como del p\u00fablico en general que se llev\u00f3 atractivos premios.<\/p>\n\n\n\n<p>Un a\u00f1o m\u00e1s, Academia de Belleza \u201cReflejos\u201d y Comit\u00e9 del Carnaval de Veracruz hacen alianza de forma exitosa para llevar a cabo este vistoso y colorido Papaqui de Catrinas que tiene como objetivo conservar, promover e impulsar una de las tradiciones mexicanas m\u00e1s importantes, el D\u00eda de Muertos.<\/p>\n\n\n\n<figure class=\"wp-block-gallery columns-3 is-cropped wp-block-gallery-1 is-layout-flex wp-block-gallery-is-layout-flex\"><ul class=\"blocks-gallery-grid\"><li class=\"blocks-gallery-item\"><figure><img loading=\"lazy\" decoding=\"async\" width=\"683\" height=\"1024\" src=\"https:\/\/encuentroinformativo.com.mx\/wp-content\/uploads\/2024\/10\/IMG-20241031-WA0098-683x1024.jpg\" alt=\"\" data-id=\"60170\" data-full-url=\"https:\/\/encuentroinformativo.com.mx\/wp-content\/uploads\/2024\/10\/IMG-20241031-WA0098.jpg\" data-link=\"https:\/\/encuentroinformativo.com.mx\/?attachment_id=60170\" class=\"wp-image-60170\" srcset=\"https:\/\/encuentroinformativo.com.mx\/wp-content\/uploads\/2024\/10\/IMG-20241031-WA0098-683x1024.jpg 683w, https:\/\/encuentroinformativo.com.mx\/wp-content\/uploads\/2024\/10\/IMG-20241031-WA0098-200x300.jpg 200w, https:\/\/encuentroinformativo.com.mx\/wp-content\/uploads\/2024\/10\/IMG-20241031-WA0098-768x1152.jpg 768w, https:\/\/encuentroinformativo.com.mx\/wp-content\/uploads\/2024\/10\/IMG-20241031-WA0098.jpg 900w\" sizes=\"auto, (max-width: 683px) 100vw, 683px\" \/><\/figure><\/li><li class=\"blocks-gallery-item\"><figure><img loading=\"lazy\" decoding=\"async\" width=\"1024\" height=\"683\" src=\"https:\/\/encuentroinformativo.com.mx\/wp-content\/uploads\/2024\/10\/IMG-20241031-WA0095-1024x683.jpg\" alt=\"\" data-id=\"60171\" data-full-url=\"https:\/\/encuentroinformativo.com.mx\/wp-content\/uploads\/2024\/10\/IMG-20241031-WA0095.jpg\" data-link=\"https:\/\/encuentroinformativo.com.mx\/?attachment_id=60171\" class=\"wp-image-60171\" srcset=\"https:\/\/encuentroinformativo.com.mx\/wp-content\/uploads\/2024\/10\/IMG-20241031-WA0095-1024x683.jpg 1024w, https:\/\/encuentroinformativo.com.mx\/wp-content\/uploads\/2024\/10\/IMG-20241031-WA0095-300x200.jpg 300w, https:\/\/encuentroinformativo.com.mx\/wp-content\/uploads\/2024\/10\/IMG-20241031-WA0095-768x512.jpg 768w, https:\/\/encuentroinformativo.com.mx\/wp-content\/uploads\/2024\/10\/IMG-20241031-WA0095.jpg 1080w\" sizes=\"auto, (max-width: 1024px) 100vw, 1024px\" \/><\/figure><\/li><li class=\"blocks-gallery-item\"><figure><img loading=\"lazy\" decoding=\"async\" width=\"1024\" height=\"683\" src=\"https:\/\/encuentroinformativo.com.mx\/wp-content\/uploads\/2024\/10\/IMG-20241031-WA0096-1024x683.jpg\" alt=\"\" data-id=\"60172\" data-full-url=\"https:\/\/encuentroinformativo.com.mx\/wp-content\/uploads\/2024\/10\/IMG-20241031-WA0096.jpg\" data-link=\"https:\/\/encuentroinformativo.com.mx\/?attachment_id=60172\" class=\"wp-image-60172\" srcset=\"https:\/\/encuentroinformativo.com.mx\/wp-content\/uploads\/2024\/10\/IMG-20241031-WA0096-1024x683.jpg 1024w, https:\/\/encuentroinformativo.com.mx\/wp-content\/uploads\/2024\/10\/IMG-20241031-WA0096-300x200.jpg 300w, https:\/\/encuentroinformativo.com.mx\/wp-content\/uploads\/2024\/10\/IMG-20241031-WA0096-768x512.jpg 768w, https:\/\/encuentroinformativo.com.mx\/wp-content\/uploads\/2024\/10\/IMG-20241031-WA0096.jpg 1080w\" sizes=\"auto, (max-width: 1024px) 100vw, 1024px\" \/><\/figure><\/li><\/ul><\/figure>\n\n\n\n<figure class=\"wp-block-gallery columns-0 is-cropped wp-block-gallery-2 is-layout-flex wp-block-gallery-is-layout-flex\"><ul class=\"blocks-gallery-grid\"><\/ul><\/figure>\n","protected":false},"excerpt":{"rendered":"<p>Alejandro \u00c1vila Veracruz, Ver.- El Papaqui de Catrinas \u201cTradiciones Mexicanas\u201d convocado por la Academia de Belleza Reflejos y el Comit\u00e9 del Carnaval de Veracruz realizado la tarde\/noche de este mi\u00e9rcoles, super\u00f3 cualquier tipo de expectativas al congregar a cientos de asistentes en el Centro Hist\u00f3rico. La Academia de Belleza \u201cReflejos\u201d, con el apoyo y participaci\u00f3n [&hellip;]<\/p>\n","protected":false},"author":2476,"featured_media":60164,"comment_status":"open","ping_status":"open","sticky":false,"template":"","format":"standard","meta":{"_jetpack_memberships_contains_paid_content":false,"footnotes":""},"categories":[2],"tags":[],"class_list":["post-60163","post","type-post","status-publish","format-standard","has-post-thumbnail","hentry","category-estado"],"jetpack_featured_media_url":"https:\/\/encuentroinformativo.com.mx\/wp-content\/uploads\/2024\/10\/IMG-20241031-WA0097.jpg","jetpack_sharing_enabled":true,"jetpack_likes_enabled":true,"amp_enabled":true,"_links":{"self":[{"href":"https:\/\/encuentroinformativo.com.mx\/index.php?rest_route=\/wp\/v2\/posts\/60163","targetHints":{"allow":["GET"]}}],"collection":[{"href":"https:\/\/encuentroinformativo.com.mx\/index.php?rest_route=\/wp\/v2\/posts"}],"about":[{"href":"https:\/\/encuentroinformativo.com.mx\/index.php?rest_route=\/wp\/v2\/types\/post"}],"author":[{"embeddable":true,"href":"https:\/\/encuentroinformativo.com.mx\/index.php?rest_route=\/wp\/v2\/users\/2476"}],"replies":[{"embeddable":true,"href":"https:\/\/encuentroinformativo.com.mx\/index.php?rest_route=%2Fwp%2Fv2%2Fcomments&post=60163"}],"version-history":[{"count":2,"href":"https:\/\/encuentroinformativo.com.mx\/index.php?rest_route=\/wp\/v2\/posts\/60163\/revisions"}],"predecessor-version":[{"id":60173,"href":"https:\/\/encuentroinformativo.com.mx\/index.php?rest_route=\/wp\/v2\/posts\/60163\/revisions\/60173"}],"wp:featuredmedia":[{"embeddable":true,"href":"https:\/\/encuentroinformativo.com.mx\/index.php?rest_route=\/wp\/v2\/media\/60164"}],"wp:attachment":[{"href":"https:\/\/encuentroinformativo.com.mx\/index.php?rest_route=%2Fwp%2Fv2%2Fmedia&parent=60163"}],"wp:term":[{"taxonomy":"category","embeddable":true,"href":"https:\/\/encuentroinformativo.com.mx\/index.php?rest_route=%2Fwp%2Fv2%2Fcategories&post=60163"},{"taxonomy":"post_tag","embeddable":true,"href":"https:\/\/encuentroinformativo.com.mx\/index.php?rest_route=%2Fwp%2Fv2%2Ftags&post=60163"}],"curies":[{"name":"wp","href":"https:\/\/api.w.org\/{rel}","templated":true}]}}