{"id":6019,"date":"2020-09-21T14:24:01","date_gmt":"2020-09-21T19:24:01","guid":{"rendered":"https:\/\/encuentroinformativo.com.mx\/?p=6019"},"modified":"2020-09-21T14:24:06","modified_gmt":"2020-09-21T19:24:06","slug":"por-desabasto-de-agua-realizan-bloqueos-en-carretera-a-perote","status":"publish","type":"post","link":"https:\/\/encuentroinformativo.com.mx\/?p=6019","title":{"rendered":"Por desabasto de agua, realizan bloqueos en carretera a Perote"},"content":{"rendered":"\n<p><strong>Juan Arcos <\/strong><\/p>\n\n\n\n<p>Xalapa, Ver.- Pobladores de Perote protestaron y cerraron la carretera hacia la cabecera municipal, a la altura de la localidad Los Molinos, por la falta del servicio de agua potable en sus viviendas.<\/p>\n\n\n\n<p>Los habitantes denunciaron que desde que inici\u00f3 este a\u00f1o ha sido constante la suspensi\u00f3n del servicio, pese a que se requiere el agua para seguir las recomendaciones sanitarias por la pandemia del SARS-COV-2 (COVID-19).<\/p>\n\n\n\n<p>La gente se dijo muy molesta porque el presidente municipal Juan Francisco Hervert Prado no ha solucionado el problema por la falta de proyectos municipales.<\/p>\n\n\n\n<p>Cabe destacar que el servicio en Perote es brindado por la Comisi\u00f3n de Agua del Estado de Veracruz (CAEV); sin embargo, han solicitado al Alcalde que sea municipalizado y, hasta el momento, no han obtenido una respuesta favorable.<\/p>\n\n\n\n<p>Poco antes del mediod\u00eda cerraron la v\u00eda de comunicaci\u00f3n, para presionar a las autoridades y \u00e9stas emprendan las acciones necesarias para garantizar el suministro de agua, de manera permanente.<\/p>\n\n\n\n<p>Personal de la Direcci\u00f3n General de Pol\u00edtica Regional del gobierno estatal acudi\u00f3 al lugar de la protesta, frente al Cuartel del S\u00e9ptimo Batall\u00f3n de Infanter\u00eda, donde se prometi\u00f3 a los habitantes abrir las v\u00e1lvulas, para que el l\u00edquido llegue a sus casas.<\/p>\n\n\n\n<p>\u201cEn la casa, en muchas familias perote\u00f1as tenemos ni\u00f1os enfermos, tenemos gente de la tercera edad enferma, tenemos madres que est\u00e1n enfermas, madres que se acaban de aliviar. Queremos que no nos falta el agua\u201d, comentaron.<\/p>\n\n\n\n<p>Los pobladores pidieron a las autoridades estatales y federales que respeten su derecho a la manifestaci\u00f3n, para que el ayuntamiento de Perote intervenga y se garantice el servicio de agua potable.<\/p>\n\n\n\n<p>Adem\u00e1s, amagaron con tomar la autopista y las casetas de peaje, toda vez que autoridades municipales han prometido solucionar el problema de desabasto de agua y no han cumplido.<\/p>\n\n\n\n<p>\u201cReclamamos un derecho y este derecho no es de una semana ni de dos meses, ya tiene a\u00f1os esto y el gobierno no ha hecho las inversiones correspondientes para resolver esto problema que vivimos en Perote\u201d.<\/p>\n\n\n\n<p>Hasta las 14:00 horas, la carretera permanece bloqueada por los pobladores del municipio de Perote, ubicado a 51 kil\u00f3metros de Xalapa.\u00a0<\/p>\n","protected":false},"excerpt":{"rendered":"<p>Juan Arcos Xalapa, Ver.- Pobladores de Perote protestaron y cerraron la carretera hacia la cabecera municipal, a la altura de la localidad Los Molinos, por la falta del servicio de agua potable en sus viviendas. Los habitantes denunciaron que desde que inici\u00f3 este a\u00f1o ha sido constante la suspensi\u00f3n del servicio, pese a que se [&hellip;]<\/p>\n","protected":false},"author":1,"featured_media":6020,"comment_status":"open","ping_status":"open","sticky":false,"template":"","format":"aside","meta":{"_jetpack_memberships_contains_paid_content":false,"footnotes":""},"categories":[8],"tags":[],"class_list":["post-6019","post","type-post","status-publish","format-aside","has-post-thumbnail","hentry","category-region","post_format-post-format-aside"],"jetpack_featured_media_url":"https:\/\/encuentroinformativo.com.mx\/wp-content\/uploads\/2020\/09\/68475645-5494-44DC-95CA-88E9193D4074.jpeg","jetpack_sharing_enabled":true,"jetpack_likes_enabled":true,"amp_enabled":true,"_links":{"self":[{"href":"https:\/\/encuentroinformativo.com.mx\/index.php?rest_route=\/wp\/v2\/posts\/6019","targetHints":{"allow":["GET"]}}],"collection":[{"href":"https:\/\/encuentroinformativo.com.mx\/index.php?rest_route=\/wp\/v2\/posts"}],"about":[{"href":"https:\/\/encuentroinformativo.com.mx\/index.php?rest_route=\/wp\/v2\/types\/post"}],"author":[{"embeddable":true,"href":"https:\/\/encuentroinformativo.com.mx\/index.php?rest_route=\/wp\/v2\/users\/1"}],"replies":[{"embeddable":true,"href":"https:\/\/encuentroinformativo.com.mx\/index.php?rest_route=%2Fwp%2Fv2%2Fcomments&post=6019"}],"version-history":[{"count":1,"href":"https:\/\/encuentroinformativo.com.mx\/index.php?rest_route=\/wp\/v2\/posts\/6019\/revisions"}],"predecessor-version":[{"id":6021,"href":"https:\/\/encuentroinformativo.com.mx\/index.php?rest_route=\/wp\/v2\/posts\/6019\/revisions\/6021"}],"wp:featuredmedia":[{"embeddable":true,"href":"https:\/\/encuentroinformativo.com.mx\/index.php?rest_route=\/wp\/v2\/media\/6020"}],"wp:attachment":[{"href":"https:\/\/encuentroinformativo.com.mx\/index.php?rest_route=%2Fwp%2Fv2%2Fmedia&parent=6019"}],"wp:term":[{"taxonomy":"category","embeddable":true,"href":"https:\/\/encuentroinformativo.com.mx\/index.php?rest_route=%2Fwp%2Fv2%2Fcategories&post=6019"},{"taxonomy":"post_tag","embeddable":true,"href":"https:\/\/encuentroinformativo.com.mx\/index.php?rest_route=%2Fwp%2Fv2%2Ftags&post=6019"}],"curies":[{"name":"wp","href":"https:\/\/api.w.org\/{rel}","templated":true}]}}