{"id":60192,"date":"2024-10-31T12:34:51","date_gmt":"2024-10-31T18:34:51","guid":{"rendered":"https:\/\/encuentroinformativo.com.mx\/?p=60192"},"modified":"2024-10-31T16:36:10","modified_gmt":"2024-10-31T22:36:10","slug":"desmantela-policia-estatal-en-juan-rodriguez-clara-a-banda-de-generadores-de-violencia","status":"publish","type":"post","link":"https:\/\/encuentroinformativo.com.mx\/?p=60192","title":{"rendered":"Desmantela Polic\u00eda Estatal en Juan Rodr\u00edguez Clara a banda de generadores de violencia"},"content":{"rendered":"\n<p>Xalapa, Ver.- Gracias a una llamada a la l\u00ednea de emergencias 911, efectivos de la Secretar\u00eda de Seguridad P\u00fablica (SSP), a trav\u00e9s de Polic\u00eda Estatal aprehendieron a cinco hombres por delitos contra las instituciones, portaci\u00f3n ilegal de armas de fuego y delitos contra la salud.<\/p>\n\n\n\n<p>Fuerzas del orden acudieron a inmediaciones de la localidad Antonio M. Quirasco en Juan R. Clara, donde al parecer se hab\u00edan registrado detonaciones con arma de fuego.<\/p>\n\n\n\n<p>De inmediato, los oficiales acudieron a dicho sector y observaron a cinco personas junto a dos motocicletas Italika y Vento, sin placas. Al detectar la presencia policial realizaron disparos con armas de fuego en contra de los uniformados, sin lograr lesionar a nadie.<\/p>\n\n\n\n<p>Acto seguido, fueron intervenidos Emanuel \u201cN\u201d, Jos\u00e9 Francisco \u201cN\u201d, Daniel \u201cN\u201d, Iv\u00e1n \u201cN\u201d y Jos\u00e9 \u201cN\u201d y les aseguraron dos armas de fuego cortas y una larga, cargadores, cartuchos \u00fatiles y 77 dosis de una sustancia granulada con caracter\u00edsticas al cristal.<\/p>\n\n\n\n<p>Los cinco fueron puestos a disposici\u00f3n de la autoridad competente para que se apliquen los tr\u00e1mites que marca la ley.<\/p>\n","protected":false},"excerpt":{"rendered":"<p>Xalapa, Ver.- Gracias a una llamada a la l\u00ednea de emergencias 911, efectivos de la Secretar\u00eda de Seguridad P\u00fablica (SSP), a trav\u00e9s de Polic\u00eda Estatal aprehendieron a cinco hombres por delitos contra las instituciones, portaci\u00f3n ilegal de armas de fuego y delitos contra la salud. Fuerzas del orden acudieron a inmediaciones de la localidad Antonio [&hellip;]<\/p>\n","protected":false},"author":2476,"featured_media":60193,"comment_status":"open","ping_status":"open","sticky":false,"template":"","format":"standard","meta":{"_jetpack_memberships_contains_paid_content":false,"footnotes":""},"categories":[14],"tags":[],"class_list":["post-60192","post","type-post","status-publish","format-standard","has-post-thumbnail","hentry","category-policiaca"],"jetpack_featured_media_url":"https:\/\/encuentroinformativo.com.mx\/wp-content\/uploads\/2024\/10\/IMG-20241031-WA00802.jpg","jetpack_sharing_enabled":true,"jetpack_likes_enabled":true,"amp_enabled":true,"_links":{"self":[{"href":"https:\/\/encuentroinformativo.com.mx\/index.php?rest_route=\/wp\/v2\/posts\/60192","targetHints":{"allow":["GET"]}}],"collection":[{"href":"https:\/\/encuentroinformativo.com.mx\/index.php?rest_route=\/wp\/v2\/posts"}],"about":[{"href":"https:\/\/encuentroinformativo.com.mx\/index.php?rest_route=\/wp\/v2\/types\/post"}],"author":[{"embeddable":true,"href":"https:\/\/encuentroinformativo.com.mx\/index.php?rest_route=\/wp\/v2\/users\/2476"}],"replies":[{"embeddable":true,"href":"https:\/\/encuentroinformativo.com.mx\/index.php?rest_route=%2Fwp%2Fv2%2Fcomments&post=60192"}],"version-history":[{"count":1,"href":"https:\/\/encuentroinformativo.com.mx\/index.php?rest_route=\/wp\/v2\/posts\/60192\/revisions"}],"predecessor-version":[{"id":60194,"href":"https:\/\/encuentroinformativo.com.mx\/index.php?rest_route=\/wp\/v2\/posts\/60192\/revisions\/60194"}],"wp:featuredmedia":[{"embeddable":true,"href":"https:\/\/encuentroinformativo.com.mx\/index.php?rest_route=\/wp\/v2\/media\/60193"}],"wp:attachment":[{"href":"https:\/\/encuentroinformativo.com.mx\/index.php?rest_route=%2Fwp%2Fv2%2Fmedia&parent=60192"}],"wp:term":[{"taxonomy":"category","embeddable":true,"href":"https:\/\/encuentroinformativo.com.mx\/index.php?rest_route=%2Fwp%2Fv2%2Fcategories&post=60192"},{"taxonomy":"post_tag","embeddable":true,"href":"https:\/\/encuentroinformativo.com.mx\/index.php?rest_route=%2Fwp%2Fv2%2Ftags&post=60192"}],"curies":[{"name":"wp","href":"https:\/\/api.w.org\/{rel}","templated":true}]}}