{"id":60195,"date":"2024-10-31T16:51:35","date_gmt":"2024-10-31T22:51:35","guid":{"rendered":"https:\/\/encuentroinformativo.com.mx\/?p=60195"},"modified":"2024-10-31T16:51:41","modified_gmt":"2024-10-31T22:51:41","slug":"inaugura-alcalde-juan-manuel-unanue-muestra-de-altares-en-el-marco-del-dia-de-muertos","status":"publish","type":"post","link":"https:\/\/encuentroinformativo.com.mx\/?p=60195","title":{"rendered":"Inaugura Alcalde Juan Manuel Un\u00e1nue muestra de altares en el marco del D\u00eda de Muertos"},"content":{"rendered":"\n<p><strong>* <em>De esta manera, el Gobierno Municipal de Boca del R\u00edo se une a una de las tradiciones m\u00e1s simb\u00f3licas y ricas de M\u00e9xico que ayuda a mantener vivas estas fiestas en honor a los fieles difuntos<\/em><\/strong>.<\/p>\n\n\n\n<p>Boca del R\u00edo, Ver.- El alcalde de Boca del R\u00edo, Juan Manuel Un\u00e1nue Abascal, inaugur\u00f3 la muestra de altares y programa de actividades en el marco de las festividades del D\u00eda de Muertos, impulsando as\u00ed a una de las tradiciones m\u00e1s representativas de M\u00e9xico.<\/p>\n\n\n\n<p>\u201cMuy contentos por seguir preservando nuestras tradiciones, hoy presentamos precisamente nuestro altar de muertos y una serie de actividades que hemos preparado para todos los ciudadanos\u201d, dijo el edil.<\/p>\n\n\n\n<p>Agreg\u00f3 que como cada a\u00f1o se han preparado una serie de actividades como parte del programa festivo, donde se espera una importante participaci\u00f3n de los boque\u00f1os.<\/p>\n\n\n\n<p>En el \u201ccoraz\u00f3n\u201d de Boca del R\u00edo, es decir, en la cabecera municipal, locales y turistas podr\u00e1n encontrar un magno altar con el que se recuerda a distintos colaboradores del Ayuntamiento de Boca del R\u00edo, mismo que est\u00e1 abierto al p\u00fablico, as\u00ed como una calaca gigante que est\u00e1 ubicada en la Plaza C\u00edvica Benito Ju\u00e1rez.<\/p>\n\n\n\n<p>Ciudadanos y boque\u00f1os en general tambi\u00e9n pueden visitar los altares que se encuentran en la parte baja del Palacio Municipal, los cuales fueron creados por distintos planteles educativos como el Centro de Bachillerato Tecnol\u00f3gico industrial y de Servicios N\u00b0 79 (CBTIS), la Escuela Primaria Josefa Ortiz de Dom\u00ednguez, la Escuela Primaria Cuauht\u00e9moc, la Zona Escolar 146, la Escuela Primaria Luis Pasteur, la Escuela Primaria Quetzalc\u00f3atl y el Pentatl\u00f3n Deportivo Militarizado de Am\u00e9rica, a quienes entreg\u00f3 un reconocimiento por su colaboraci\u00f3n.<\/p>\n\n\n\n<p>Finalmente, el Presidente Municipal de Boca del R\u00edo, Juan Manuel Un\u00e1nue Abascal, destac\u00f3 la participaci\u00f3n de padres de familia, estudiantes y del sector educativo en general, sum\u00e1ndose el trabajo de los trabajadores del Ayuntamiento para la creaci\u00f3n de esta muestra tradicional mexicana.<\/p>\n\n\n\n<p><em><strong>PROGRAMA DE ACTIVIDADES<\/strong><\/em><\/p>\n\n\n\n<p><strong>VIERNES 01 DE NOVIEMBRE<\/strong><\/p>\n\n\n\n<p>A las 10 a.m. se llevar\u00e1 a cabo la inauguraci\u00f3n y bendici\u00f3n del Altar de \u201cBoque\u00f1os de Origen\u201d en el andador Revoluci\u00f3n (frente a Toritos \u201cLa Chata\u201d).<\/p>\n\n\n\n<p>A las 06 p.m. podr\u00e1n disfrutar de la Verbena Popular en la explanada de Palacio Municipal y recepci\u00f3n de inscripciones a la Pasarela de Catrinas.<br>7:30 p.m. Pasarela de Catrinas.<br>8:30 p.m. Premiaci\u00f3n de Catrinas<\/p>\n\n\n\n<p><strong>S\u00c1BADO 02 DE NOVIEMBRE<br><\/strong>8 a.m. Misa de difuntos en Pante\u00f3n Municipal.<br>7 p.m. Misa de difuntos en la Iglesia de Nuestra Se\u00f1ora de Santa Ana.<br>8 p.m. Procesi\u00f3n por el D\u00eda de Muertos de Casa de Cultura al altar de \u201cBoque\u00f1os de Origen\u201d (andador Revoluci\u00f3n).<br>9 p.m. \u201cEnciende una luz a tu difunto\u201d, a un costado del altar de \u201cBoque\u00f1os de Origen\u201d (andador Revoluci\u00f3n).<\/p>\n","protected":false},"excerpt":{"rendered":"<p>* De esta manera, el Gobierno Municipal de Boca del R\u00edo se une a una de las tradiciones m\u00e1s simb\u00f3licas y ricas de M\u00e9xico que ayuda a mantener vivas estas fiestas en honor a los fieles difuntos. Boca del R\u00edo, Ver.- El alcalde de Boca del R\u00edo, Juan Manuel Un\u00e1nue Abascal, inaugur\u00f3 la muestra de [&hellip;]<\/p>\n","protected":false},"author":2476,"featured_media":60196,"comment_status":"open","ping_status":"open","sticky":false,"template":"","format":"standard","meta":{"_jetpack_memberships_contains_paid_content":false,"footnotes":""},"categories":[2],"tags":[],"class_list":["post-60195","post","type-post","status-publish","format-standard","has-post-thumbnail","hentry","category-estado"],"jetpack_featured_media_url":"https:\/\/encuentroinformativo.com.mx\/wp-content\/uploads\/2024\/10\/IMG-20241031-WA0127.jpg","jetpack_sharing_enabled":true,"jetpack_likes_enabled":true,"amp_enabled":true,"_links":{"self":[{"href":"https:\/\/encuentroinformativo.com.mx\/index.php?rest_route=\/wp\/v2\/posts\/60195","targetHints":{"allow":["GET"]}}],"collection":[{"href":"https:\/\/encuentroinformativo.com.mx\/index.php?rest_route=\/wp\/v2\/posts"}],"about":[{"href":"https:\/\/encuentroinformativo.com.mx\/index.php?rest_route=\/wp\/v2\/types\/post"}],"author":[{"embeddable":true,"href":"https:\/\/encuentroinformativo.com.mx\/index.php?rest_route=\/wp\/v2\/users\/2476"}],"replies":[{"embeddable":true,"href":"https:\/\/encuentroinformativo.com.mx\/index.php?rest_route=%2Fwp%2Fv2%2Fcomments&post=60195"}],"version-history":[{"count":1,"href":"https:\/\/encuentroinformativo.com.mx\/index.php?rest_route=\/wp\/v2\/posts\/60195\/revisions"}],"predecessor-version":[{"id":60197,"href":"https:\/\/encuentroinformativo.com.mx\/index.php?rest_route=\/wp\/v2\/posts\/60195\/revisions\/60197"}],"wp:featuredmedia":[{"embeddable":true,"href":"https:\/\/encuentroinformativo.com.mx\/index.php?rest_route=\/wp\/v2\/media\/60196"}],"wp:attachment":[{"href":"https:\/\/encuentroinformativo.com.mx\/index.php?rest_route=%2Fwp%2Fv2%2Fmedia&parent=60195"}],"wp:term":[{"taxonomy":"category","embeddable":true,"href":"https:\/\/encuentroinformativo.com.mx\/index.php?rest_route=%2Fwp%2Fv2%2Fcategories&post=60195"},{"taxonomy":"post_tag","embeddable":true,"href":"https:\/\/encuentroinformativo.com.mx\/index.php?rest_route=%2Fwp%2Fv2%2Ftags&post=60195"}],"curies":[{"name":"wp","href":"https:\/\/api.w.org\/{rel}","templated":true}]}}