{"id":60198,"date":"2024-11-01T13:06:21","date_gmt":"2024-11-01T19:06:21","guid":{"rendered":"https:\/\/encuentroinformativo.com.mx\/?p=60198"},"modified":"2024-11-01T13:06:27","modified_gmt":"2024-11-01T19:06:27","slug":"dia-de-muertos","status":"publish","type":"post","link":"https:\/\/encuentroinformativo.com.mx\/?p=60198","title":{"rendered":"D\u00cdA DE MUERTOS"},"content":{"rendered":"\n<p><strong>Los Pol\u00edticos<\/strong><\/p>\n\n\n\n<p><strong>Salvador Mu\u00f1oz<\/strong><\/p>\n\n\n\n<p>D\u00eda de Muertos\u2026 es curioso, pero recuerdo que antes, esper\u00e1bamos todo un canijo a\u00f1o acechando al Altar lleno de dulces, chocolate, fruta de la temporada, y entonces ganarle el brinco a los difuntos bajo el riesgo de ser rega\u00f1ados\u2026 hoy, en M\u00e9xico, todos los d\u00edas es D\u00eda de Muertos\u2026 se podr\u00e1 considerar esto como un logro m\u00e1s de la 4T? O habr\u00e1 que endilg\u00e1rselo a Calder\u00f3n?<\/p>\n\n\n\n<p>Sincretismo puro\u2026 Hoy hacen fiesta de disfraces con eso del Halloween, pero tambi\u00e9n se visita a los cementerios\u2026 Las catrinas se confunden con las calaveras que aunque parecen lo mismo, no lo son\u2026 Hay almas en pena y brujas; hay fieles difuntos porque vivos, son infieles\u2026 Hay un d\u00eda para celebrar a los Muertos Chiquitos y hay muchos d\u00edas en que en la calle, en la carretera, en donde sea, sentimos la Muerte Chiquita\u2026<\/p>\n\n\n\n<p>Lo parad\u00f3jico del Desfile de la Ciudad de M\u00e9xico sobre el D\u00eda de Muertos, es que es la herencia que nos dej\u00f3 Bond, James Bond, con su muy ad hoc pel\u00edcula: Un D\u00eda Para Morir.<\/p>\n\n\n\n<p>Dice la canci\u00f3n \u201cOn ne vit pas sans mourir un peu\u201d, que en buen castellano es \u201cNo se vive sin morir un poco\u201d&#8230;<\/p>\n\n\n\n<p>Nuestra cultura de cierto modo, est\u00e1 ligada a la Muerte\u2026<\/p>\n\n\n\n<p>Nos morimos de miedo, pero tambi\u00e9n de fr\u00edo, y a veces de verg\u00fcenza.<\/p>\n\n\n\n<p>Pedimos unas cervezas \u201cbien muertas\u201d&#8230;<\/p>\n\n\n\n<p>Llegamos a la casa tras la jornada laboral, \u201cbien muertos\u201d&#8230;<\/p>\n\n\n\n<p>Tambi\u00e9n hay \u201cMuertos\u201d que no hacen ruido\u2026<\/p>\n\n\n\n<p>Hay quienes se est\u00e1n \u201cmuriendo\u201d de hambre\u2026<\/p>\n\n\n\n<p>A cu\u00e1ntos no nos han querido espantar con el petate del \u201cMuerto\u201d&#8230; y aprovechando, una frase ya en desuso: Se \u201cpetate\u00f3\u201d&#8230; hoy en las redes sociales dicen \u201cdesvivi\u00f3\u201d&#8230; y si es homicidio \u201clo desvivieron\u201d&#8230;<\/p>\n\n\n\n<p>De seguro habr\u00e1 quien recuerde al Abuelo con esta frase: Para todo hay ma\u00f1a, menos para la Muerte.<\/p>\n\n\n\n<p>En septiembre, noviembre, diciembre y enero, ara\u00f1ando un poco febrero, la comida es sumamente especial\u2026 por eso bien se dice que De Muertos y tragones, est\u00e1n llenos los panteones\u2026<\/p>\n\n\n\n<p>Para quienes gustan ir en chinga en las ma\u00f1anas a su trabajo: M\u00e1s vale un minuto tarde, que un minuto de silencio\u2026<\/p>\n\n\n\n<p>Se presume siempre esa irreverencia ante la muerte por parte del mexicano, que hasta en el canto lo expresa: Prefiero morir cantando como muere la cigarra\u2026<\/p>\n\n\n\n<p>Amanda Miguel dec\u00eda: No quiero flores cuando muera, las quiero ahora en mi jard\u00edn\u2026<\/p>\n\n\n\n<p>Los rom\u00e1nticos \u201cmueren\u201d de amor\u2026 como Miguel Bos\u00e9\u2026<\/p>\n\n\n\n<p>Y hay quienes mueren sin haber amado\u2026 algo as\u00ed cantaba Juan Gabriel\u2026 o bien, hasta al Palomo mat\u00f3: Morir\u00e1, morir\u00e1, morir\u00e1 \/ Morir\u00e1 el palomo porque as\u00ed es la muerte cuando hay soledad\u2026<\/p>\n\n\n\n<p>Ya que estamos musicales: No estaba Muerto, andaba de parranda.<\/p>\n\n\n\n<p>Hay muertos que nunca olvido y vivos que ya murieron para m\u00ed\u2026<\/p>\n\n\n\n<p>Recuerde a sus muertos, que de cierto modo, es vivirlos\u2026<\/p>\n\n\n\n<p>Al final, que para morir nacimos\u2026<\/p>\n","protected":false},"excerpt":{"rendered":"<p>Los Pol\u00edticos Salvador Mu\u00f1oz D\u00eda de Muertos\u2026 es curioso, pero recuerdo que antes, esper\u00e1bamos todo un canijo a\u00f1o acechando al Altar lleno de dulces, chocolate, fruta de la temporada, y entonces ganarle el brinco a los difuntos bajo el riesgo de ser rega\u00f1ados\u2026 hoy, en M\u00e9xico, todos los d\u00edas es D\u00eda de Muertos\u2026 se podr\u00e1 [&hellip;]<\/p>\n","protected":false},"author":2476,"featured_media":387,"comment_status":"open","ping_status":"open","sticky":false,"template":"","format":"standard","meta":{"_jetpack_memberships_contains_paid_content":false,"footnotes":""},"categories":[11],"tags":[],"class_list":["post-60198","post","type-post","status-publish","format-standard","has-post-thumbnail","hentry","category-opinion"],"jetpack_featured_media_url":"https:\/\/encuentroinformativo.com.mx\/wp-content\/uploads\/2020\/03\/7CF8A22B-2764-47BE-8F7F-38FE9E5D6A2F.jpeg","jetpack_sharing_enabled":true,"jetpack_likes_enabled":true,"amp_enabled":true,"_links":{"self":[{"href":"https:\/\/encuentroinformativo.com.mx\/index.php?rest_route=\/wp\/v2\/posts\/60198","targetHints":{"allow":["GET"]}}],"collection":[{"href":"https:\/\/encuentroinformativo.com.mx\/index.php?rest_route=\/wp\/v2\/posts"}],"about":[{"href":"https:\/\/encuentroinformativo.com.mx\/index.php?rest_route=\/wp\/v2\/types\/post"}],"author":[{"embeddable":true,"href":"https:\/\/encuentroinformativo.com.mx\/index.php?rest_route=\/wp\/v2\/users\/2476"}],"replies":[{"embeddable":true,"href":"https:\/\/encuentroinformativo.com.mx\/index.php?rest_route=%2Fwp%2Fv2%2Fcomments&post=60198"}],"version-history":[{"count":1,"href":"https:\/\/encuentroinformativo.com.mx\/index.php?rest_route=\/wp\/v2\/posts\/60198\/revisions"}],"predecessor-version":[{"id":60199,"href":"https:\/\/encuentroinformativo.com.mx\/index.php?rest_route=\/wp\/v2\/posts\/60198\/revisions\/60199"}],"wp:featuredmedia":[{"embeddable":true,"href":"https:\/\/encuentroinformativo.com.mx\/index.php?rest_route=\/wp\/v2\/media\/387"}],"wp:attachment":[{"href":"https:\/\/encuentroinformativo.com.mx\/index.php?rest_route=%2Fwp%2Fv2%2Fmedia&parent=60198"}],"wp:term":[{"taxonomy":"category","embeddable":true,"href":"https:\/\/encuentroinformativo.com.mx\/index.php?rest_route=%2Fwp%2Fv2%2Fcategories&post=60198"},{"taxonomy":"post_tag","embeddable":true,"href":"https:\/\/encuentroinformativo.com.mx\/index.php?rest_route=%2Fwp%2Fv2%2Ftags&post=60198"}],"curies":[{"name":"wp","href":"https:\/\/api.w.org\/{rel}","templated":true}]}}