{"id":60200,"date":"2024-11-01T16:49:53","date_gmt":"2024-11-01T22:49:53","guid":{"rendered":"https:\/\/encuentroinformativo.com.mx\/?p=60200"},"modified":"2024-11-01T16:49:59","modified_gmt":"2024-11-01T22:49:59","slug":"se-instalo-consejo-general-del-ine","status":"publish","type":"post","link":"https:\/\/encuentroinformativo.com.mx\/?p=60200","title":{"rendered":"Se instal\u00f3 Consejo General del INE"},"content":{"rendered":"\n<p><strong>Dar\u00edo Pale<\/strong><\/p>\n\n\n\n<p>Xalapa, Ver.- En Xalapa se llev\u00f3 a cabo la instalaci\u00f3n de manera formal el Consejo General de la Junta Local del Instituto Nacional Electoral (INE) en Veracruz para coadyuvar en la organizaci\u00f3n de la elecci\u00f3n local para la renovaci\u00f3n de las 212 alcald\u00edas.<\/p>\n\n\n\n<p>En uso de la palabra el presidente de la Junta Local del INE, Josu\u00e9 Cervantes Mart\u00ednez, se\u00f1al\u00f3 que, \u201ceste \u00f3rgano local se declara listo desde ahora para colaborar en la elecci\u00f3n de las 212 presidencias municipales de igual n\u00famero de sindicaturas y de las 630 regidur\u00edas que a trav\u00e9s del voto popular se elegir\u00e1n el domingo uno de junio de 2025\u201d.<\/p>\n\n\n\n<p>Cervantes Mart\u00ednez explic\u00f3 que, con corte del 30 de septiembre, la lista nominal de Veracruz registra 6 millones 47 mil 550 electores, de los cuales 2 millones 849 mil 999 son hombres, 3 millones 197 mil 592 mujeres y 9 no binarios.<\/p>\n\n\n\n<p>\u201cDe este universo, 2 millones 102 mil 885 son personas j\u00f3venes, entre los 18 y los 34 a\u00f1os, siendo 1 mill\u00f3n 25 mil 328 hombres, 1 mill\u00f3n 77 mil 551 mujeres y 6 personas no binarias.<\/p>\n\n\n\n<p>Asimismo, un total de mil 442 personas se encuentran en situaci\u00f3n de postraci\u00f3n, quienes podr\u00edan votar de manera anticipada\u201d, coment\u00f3.<\/p>\n\n\n\n<p>Se prev\u00e9 la instalaci\u00f3n de al menos 10 mil 985 mesas directivas de casilla, de las cuales 3 mil 980 ser\u00edan en escuelas, 140 en oficinas p\u00fablicas, 910 en lugares p\u00fablicos y 823 en domicilios particulares.\u00a0\u00a0De igual manera, 4 mil 937 ser\u00edan b\u00e1sicas, 5 mil 16 contiguas, 939 extraordinarias y 93 especiales.<\/p>\n\n\n\n<p>Para integrar dichas mesas directivas de casilla, se proyecta insacular o sortear el 6 de febrero pr\u00f3ximo aproximadamente a 800 mil ciudadanas y ciudadanos en n\u00fameros redondos, equivalente al 13 por ciento del estado nominal.\u00a0De ese grupo se designar\u00e1 a 77 mil funcionarias y funcionarios de casilla el 7 de abril de 2025 tambi\u00e9n por sorteo.\u00a0<\/p>\n\n\n\n<p>Para visitar, notificar, sensibilizar y capacitar a dicho funcionariado de casilla, se prev\u00e9 contar con un cuerpo de 366 supervisoras y supervisores electorales que coordinar\u00e1n a 2 mil 194 capacitadores y capacitadoras de asistencia electoral, haciendo un total de 2 mil 560 figuras.\u00a0<\/p>\n\n\n\n<p>\u201cConcluyo esta intervenci\u00f3n haciendo un llamado a que este espacio democr\u00e1tico sea el lugar para el debate serio, responsable y sensato que la ciudadan\u00eda espera de quienes hacen de la pol\u00edtica su pasi\u00f3n y forma de vida\u201d, se\u00f1al\u00f3.<\/p>\n\n\n\n<p>\u201cQue los acuerdos se respeten en sus t\u00e9rminos, las diferencias se diriman con el di\u00e1logo y los triunfos y derrotas se acepten con madurez. Respetemos el marco constitucional y legal vigente, opong\u00e1monos de manera firme y categ\u00f3rica a la violencia pol\u00edtica en raz\u00f3n de g\u00e9nero, promovamos la inclusi\u00f3n y diversidad y ajustemos el gasto, el ejercicio del gasto, a los l\u00edmites establecidos. No m\u00e1s, nada m\u00e1s, pero tampoco menos\u201d, agreg\u00f3.<\/p>\n\n\n\n<p>Por \u00faltimo cabe se\u00f1alar que la junta local del INE apoya al Organismo P\u00fablico Local Electoral (OPLE) en la organizaci\u00f3n de la jornada electoral, por lo que el \u00f3rgano federal se declar\u00f3 listo para la preparaci\u00f3n de la jornada electoral.<\/p>\n","protected":false},"excerpt":{"rendered":"<p>Dar\u00edo Pale Xalapa, Ver.- En Xalapa se llev\u00f3 a cabo la instalaci\u00f3n de manera formal el Consejo General de la Junta Local del Instituto Nacional Electoral (INE) en Veracruz para coadyuvar en la organizaci\u00f3n de la elecci\u00f3n local para la renovaci\u00f3n de las 212 alcald\u00edas. En uso de la palabra el presidente de la Junta [&hellip;]<\/p>\n","protected":false},"author":2476,"featured_media":60201,"comment_status":"open","ping_status":"open","sticky":false,"template":"","format":"standard","meta":{"_jetpack_memberships_contains_paid_content":false,"footnotes":""},"categories":[2],"tags":[],"class_list":["post-60200","post","type-post","status-publish","format-standard","has-post-thumbnail","hentry","category-estado"],"jetpack_featured_media_url":"https:\/\/encuentroinformativo.com.mx\/wp-content\/uploads\/2024\/11\/IMG-20241101-WA00272.jpg","jetpack_sharing_enabled":true,"jetpack_likes_enabled":true,"amp_enabled":true,"_links":{"self":[{"href":"https:\/\/encuentroinformativo.com.mx\/index.php?rest_route=\/wp\/v2\/posts\/60200","targetHints":{"allow":["GET"]}}],"collection":[{"href":"https:\/\/encuentroinformativo.com.mx\/index.php?rest_route=\/wp\/v2\/posts"}],"about":[{"href":"https:\/\/encuentroinformativo.com.mx\/index.php?rest_route=\/wp\/v2\/types\/post"}],"author":[{"embeddable":true,"href":"https:\/\/encuentroinformativo.com.mx\/index.php?rest_route=\/wp\/v2\/users\/2476"}],"replies":[{"embeddable":true,"href":"https:\/\/encuentroinformativo.com.mx\/index.php?rest_route=%2Fwp%2Fv2%2Fcomments&post=60200"}],"version-history":[{"count":1,"href":"https:\/\/encuentroinformativo.com.mx\/index.php?rest_route=\/wp\/v2\/posts\/60200\/revisions"}],"predecessor-version":[{"id":60202,"href":"https:\/\/encuentroinformativo.com.mx\/index.php?rest_route=\/wp\/v2\/posts\/60200\/revisions\/60202"}],"wp:featuredmedia":[{"embeddable":true,"href":"https:\/\/encuentroinformativo.com.mx\/index.php?rest_route=\/wp\/v2\/media\/60201"}],"wp:attachment":[{"href":"https:\/\/encuentroinformativo.com.mx\/index.php?rest_route=%2Fwp%2Fv2%2Fmedia&parent=60200"}],"wp:term":[{"taxonomy":"category","embeddable":true,"href":"https:\/\/encuentroinformativo.com.mx\/index.php?rest_route=%2Fwp%2Fv2%2Fcategories&post=60200"},{"taxonomy":"post_tag","embeddable":true,"href":"https:\/\/encuentroinformativo.com.mx\/index.php?rest_route=%2Fwp%2Fv2%2Ftags&post=60200"}],"curies":[{"name":"wp","href":"https:\/\/api.w.org\/{rel}","templated":true}]}}