{"id":60206,"date":"2024-11-01T17:00:16","date_gmt":"2024-11-01T23:00:16","guid":{"rendered":"https:\/\/encuentroinformativo.com.mx\/?p=60206"},"modified":"2024-11-01T17:00:23","modified_gmt":"2024-11-01T23:00:23","slug":"perderan-vigencia-mas-de-300-mil-credenciales-de-elector-en-veracruz","status":"publish","type":"post","link":"https:\/\/encuentroinformativo.com.mx\/?p=60206","title":{"rendered":"Perder\u00e1n vigencia m\u00e1s de 300 mil credenciales de elector en Veracruz"},"content":{"rendered":"\n<p><strong>Dar\u00edo Pale <\/strong><\/p>\n\n\n\n<p>Xalapa, Ver.- El Vocal Ejecutivo del Registro Federal de Electores (RFE), Sergio Vera Olvera, dio a conocer que aproximadamente m\u00e1s de 300 mil credenciales de elector perder\u00e1n vigencia el 30 de diciembre.\u00a0<\/p>\n\n\n\n<p>El vocal del RFE explic\u00f3 que a la fecha hay 391,792 registros de igual n\u00famero de electores que perder\u00e1n vigencia si no actualizan su credencial a m\u00e1s tardar el 31 de diciembre del a\u00f1o en curso.<\/p>\n\n\n\n<p>Al referirse a datos actualizados al mes de octubre, como parte de la Campa\u00f1a Anual Intensa 2024, operan con 66 M\u00f3dulos de Atenci\u00f3n Ciudadana (MAC), de los cuales 31 son fijos, 6 son semifijos y 29 son m\u00f3viles, y cuenta con 205 estaciones de trabajo, distribuidas en 116 en los MAC\u00a0 fijos y 89 en los MAC semifijos y m\u00f3viles.\u00a0<\/p>\n\n\n\n<p>Los movimientos realizados por la ciudadan\u00eda del 1 de septiembre al 20 de octubre de 2024 indican lo siguiente: 23,617 personas se inscribieron al Padr\u00f3n Electoral; 1.352 solicitud de correcci\u00f3n de datos; 30,518 notificaciones de cambio de domicilio; 47,176 repusieron su credencial por robo, extrav\u00edo o deterioro grave;\u00a0 cuatro mil 363 solicitud de correcci\u00f3n de datos en direcci\u00f3n; 14.788 solicitud de reincorporaci\u00f3n al padr\u00f3n; 9.346 solicitud de reemplazo de credencial por vigencia; y un total de 128,739 personas obtuvieron su Credencial para Votar con Fotograf\u00eda.\u00a0<\/p>\n\n\n\n<p>La conformaci\u00f3n del Padr\u00f3n Electoral y Lista Nominal para el estado de Veracruz de Ignacio de la Llave, con corte al 30 de septiembre de 2024, fue de 6,128,953 ciudadanos empadronados, de los cuales 2,894,741 son hombres, 3,234,203 son mujeres y 9 son no binarios. La Lista Nominal cont\u00f3 con 6.047.550 ciudadanos, distribuida en 2.849.949 hombres, 3.197.592 mujeres y 9 personas no binarios.\u00a0<\/p>\n\n\n\n<p>&#8220;Haciendo un comparativo de la evoluci\u00f3n de la lista nominal: La Lista Nominal utilizada en el pasado proceso concurrente 2023-2024 fue de 6.080.509 electores, y actualmente, como se se\u00f1al\u00f3, cuenta con 6.047.550 electores\u201d, se\u00f1al\u00f3.<\/p>\n\n\n\n<p>\u201cEsta disminuci\u00f3n obedece a los 111,781 registros que fueron dados de baja un d\u00eda despu\u00e9s de la jornada electoral por p\u00e9rdida de vigencia al 31 de diciembre de 2023, sumado a los movimientos anteriores\u201d, agreg\u00f3.<\/p>\n\n\n\n<p>Como parte de la campa\u00f1a anual de actualizaci\u00f3n de credencial de elector, los ciudadanos tienen hasta el 10 de febrero del 2025, para renovar las credenciales de elector en los 66\u00a0 M\u00f3dulos de Atenci\u00f3n Ciudadana.<\/p>\n\n\n\n<p>Finalmente dio a conocer que en los m\u00f3dulos se podr\u00e1 solicitar su inscripci\u00f3n, notificaci\u00f3n su cambio de domicilio, corregir datos en la direcci\u00f3n o en el nombre, reincorporarse por mandato judicial, reemplazar la credencial por p\u00e9rdida de vigencia o por extrav\u00edo, robo o deterioro grave, as\u00ed como para que los j\u00f3venes que tengan 17 a\u00f1os y cumplan 18 hasta el 1 de junio de 2025 puedan inscribirse.\u00a0<\/p>\n","protected":false},"excerpt":{"rendered":"<p>Dar\u00edo Pale Xalapa, Ver.- El Vocal Ejecutivo del Registro Federal de Electores (RFE), Sergio Vera Olvera, dio a conocer que aproximadamente m\u00e1s de 300 mil credenciales de elector perder\u00e1n vigencia el 30 de diciembre.\u00a0 El vocal del RFE explic\u00f3 que a la fecha hay 391,792 registros de igual n\u00famero de electores que perder\u00e1n vigencia si [&hellip;]<\/p>\n","protected":false},"author":2476,"featured_media":60207,"comment_status":"open","ping_status":"open","sticky":false,"template":"","format":"standard","meta":{"_jetpack_memberships_contains_paid_content":false,"footnotes":""},"categories":[2],"tags":[],"class_list":["post-60206","post","type-post","status-publish","format-standard","has-post-thumbnail","hentry","category-estado"],"jetpack_featured_media_url":"https:\/\/encuentroinformativo.com.mx\/wp-content\/uploads\/2024\/11\/IMG-20241101-WA00362.jpg","jetpack_sharing_enabled":true,"jetpack_likes_enabled":true,"amp_enabled":true,"_links":{"self":[{"href":"https:\/\/encuentroinformativo.com.mx\/index.php?rest_route=\/wp\/v2\/posts\/60206","targetHints":{"allow":["GET"]}}],"collection":[{"href":"https:\/\/encuentroinformativo.com.mx\/index.php?rest_route=\/wp\/v2\/posts"}],"about":[{"href":"https:\/\/encuentroinformativo.com.mx\/index.php?rest_route=\/wp\/v2\/types\/post"}],"author":[{"embeddable":true,"href":"https:\/\/encuentroinformativo.com.mx\/index.php?rest_route=\/wp\/v2\/users\/2476"}],"replies":[{"embeddable":true,"href":"https:\/\/encuentroinformativo.com.mx\/index.php?rest_route=%2Fwp%2Fv2%2Fcomments&post=60206"}],"version-history":[{"count":1,"href":"https:\/\/encuentroinformativo.com.mx\/index.php?rest_route=\/wp\/v2\/posts\/60206\/revisions"}],"predecessor-version":[{"id":60208,"href":"https:\/\/encuentroinformativo.com.mx\/index.php?rest_route=\/wp\/v2\/posts\/60206\/revisions\/60208"}],"wp:featuredmedia":[{"embeddable":true,"href":"https:\/\/encuentroinformativo.com.mx\/index.php?rest_route=\/wp\/v2\/media\/60207"}],"wp:attachment":[{"href":"https:\/\/encuentroinformativo.com.mx\/index.php?rest_route=%2Fwp%2Fv2%2Fmedia&parent=60206"}],"wp:term":[{"taxonomy":"category","embeddable":true,"href":"https:\/\/encuentroinformativo.com.mx\/index.php?rest_route=%2Fwp%2Fv2%2Fcategories&post=60206"},{"taxonomy":"post_tag","embeddable":true,"href":"https:\/\/encuentroinformativo.com.mx\/index.php?rest_route=%2Fwp%2Fv2%2Ftags&post=60206"}],"curies":[{"name":"wp","href":"https:\/\/api.w.org\/{rel}","templated":true}]}}