{"id":60235,"date":"2024-11-02T17:05:50","date_gmt":"2024-11-02T23:05:50","guid":{"rendered":"https:\/\/encuentroinformativo.com.mx\/?p=60235"},"modified":"2024-11-02T17:05:56","modified_gmt":"2024-11-02T23:05:56","slug":"realizan-pasarela-de-catrinas-en-centro-historico-de-veracruz","status":"publish","type":"post","link":"https:\/\/encuentroinformativo.com.mx\/?p=60235","title":{"rendered":"Realizan pasarela de Catrinas en centro hist\u00f3rico de Veracruz"},"content":{"rendered":"\n<p><strong>Alejandro \u00c1vila<\/strong><\/p>\n\n\n\n<p>Veracruz, Ver.- La noche de este viernes se realiz\u00f3 una pasarela de Catrinas en un hotel del centro hist\u00f3rico de Veracruz, misma que culmin\u00f3 en el Z\u00f3calo de la ciudad.<\/p>\n\n\n\n<p>La exhibici\u00f3n de maquillaje art\u00edstico realizado por las alumnas y alumnos de capacitaci\u00f3n para el de los Centros Transformadores en diversas colonias del puerto, proyecto iniciado por la regidora, Lissethe Mart\u00ednez Echeverr\u00eda, fueron guiados por la maquillista profesional Jessi Ferman.<\/p>\n\n\n\n<p>&#8220;Tuvimos un homenaje a los fieles difuntos que este a\u00f1o desafortunadamente se nos han ido, as\u00ed hemos podido trabajar de la mano de la sociedad organizada, con las familias veracruzanas, con las mujeres desarrollando conocimiento para que se puedan auto emplear, tambi\u00e9n generando mecanismos y donando con herramientas los espacios p\u00fablicos, para convertirlos y transformarnos en espacio cien por ciento p\u00fablicos&#8221;, expres\u00f3 la edil de Morena.<\/p>\n\n\n\n<p>El jurado calificador estuvo conformado por el regidor, Daniel Mart\u00edn Lois; el abogado, Alan Torres; la diputada suplente al Distrito 14, Maddie Hern\u00e1ndez; y el presidente de la C\u00e1mara Mexicana de la Industria de Embajadoras F\u00edsico (CAMIEF), Mart\u00edn Ortiz.<\/p>\n","protected":false},"excerpt":{"rendered":"<p>Alejandro \u00c1vila Veracruz, Ver.- La noche de este viernes se realiz\u00f3 una pasarela de Catrinas en un hotel del centro hist\u00f3rico de Veracruz, misma que culmin\u00f3 en el Z\u00f3calo de la ciudad. La exhibici\u00f3n de maquillaje art\u00edstico realizado por las alumnas y alumnos de capacitaci\u00f3n para el de los Centros Transformadores en diversas colonias del [&hellip;]<\/p>\n","protected":false},"author":2476,"featured_media":60236,"comment_status":"open","ping_status":"open","sticky":false,"template":"","format":"standard","meta":{"_jetpack_memberships_contains_paid_content":false,"footnotes":""},"categories":[2],"tags":[],"class_list":["post-60235","post","type-post","status-publish","format-standard","has-post-thumbnail","hentry","category-estado"],"jetpack_featured_media_url":"https:\/\/encuentroinformativo.com.mx\/wp-content\/uploads\/2024\/11\/IMG-20241102-WA0006.jpg","jetpack_sharing_enabled":true,"jetpack_likes_enabled":true,"amp_enabled":true,"_links":{"self":[{"href":"https:\/\/encuentroinformativo.com.mx\/index.php?rest_route=\/wp\/v2\/posts\/60235","targetHints":{"allow":["GET"]}}],"collection":[{"href":"https:\/\/encuentroinformativo.com.mx\/index.php?rest_route=\/wp\/v2\/posts"}],"about":[{"href":"https:\/\/encuentroinformativo.com.mx\/index.php?rest_route=\/wp\/v2\/types\/post"}],"author":[{"embeddable":true,"href":"https:\/\/encuentroinformativo.com.mx\/index.php?rest_route=\/wp\/v2\/users\/2476"}],"replies":[{"embeddable":true,"href":"https:\/\/encuentroinformativo.com.mx\/index.php?rest_route=%2Fwp%2Fv2%2Fcomments&post=60235"}],"version-history":[{"count":1,"href":"https:\/\/encuentroinformativo.com.mx\/index.php?rest_route=\/wp\/v2\/posts\/60235\/revisions"}],"predecessor-version":[{"id":60237,"href":"https:\/\/encuentroinformativo.com.mx\/index.php?rest_route=\/wp\/v2\/posts\/60235\/revisions\/60237"}],"wp:featuredmedia":[{"embeddable":true,"href":"https:\/\/encuentroinformativo.com.mx\/index.php?rest_route=\/wp\/v2\/media\/60236"}],"wp:attachment":[{"href":"https:\/\/encuentroinformativo.com.mx\/index.php?rest_route=%2Fwp%2Fv2%2Fmedia&parent=60235"}],"wp:term":[{"taxonomy":"category","embeddable":true,"href":"https:\/\/encuentroinformativo.com.mx\/index.php?rest_route=%2Fwp%2Fv2%2Fcategories&post=60235"},{"taxonomy":"post_tag","embeddable":true,"href":"https:\/\/encuentroinformativo.com.mx\/index.php?rest_route=%2Fwp%2Fv2%2Ftags&post=60235"}],"curies":[{"name":"wp","href":"https:\/\/api.w.org\/{rel}","templated":true}]}}