{"id":60241,"date":"2024-11-02T17:18:14","date_gmt":"2024-11-02T23:18:14","guid":{"rendered":"https:\/\/encuentroinformativo.com.mx\/?p=60241"},"modified":"2024-11-02T17:18:20","modified_gmt":"2024-11-02T23:18:20","slug":"abarroto-luis-r-conriquez-la-arena-veracruz","status":"publish","type":"post","link":"https:\/\/encuentroinformativo.com.mx\/?p=60241","title":{"rendered":"Abarrot\u00f3 Luis R. Conriquez la Arena Veracruz"},"content":{"rendered":"\n<p><strong>Alejandro \u00c1vila<\/strong><\/p>\n\n\n\n<p>Veracruz, Ver.- Totalmente abarrotada luci\u00f3 la Arena Veracruz en la presentaci\u00f3n del \u201cTrakas Tour\u201d del oriundo de Caborca, Luis R. Conriquez, quien complaci\u00f3 a su p\u00fablico con sus corridos belicones.<\/p>\n\n\n\n<p>Pasada la media noche, el llamado \u201cRey de los Corrido B\u00e9licos\u201d apareci\u00f3 en el imponente escenario de la Arena Veracruz para cantar a su p\u00fablico temas como: \u201cSi no quieres no\u201d; \u201cMalas rachas\u201d; El B\u00faho\u201d; \u201cPresidente\u201d; \u201cMe met\u00ed en el ruedo\u201d; \u201cQue se cuide\u201d; \u201cMartes 13\u201d; \u201cSiempre pendientes\u201d; \u201cJGL\u201d; \u201cDe fresa y de coco\u201d; \u201cDucati\u201d que canta a dueto con Yeri MUA ,entre otros grandes \u00e9xitos.<\/p>\n\n\n\n<p>La numerosa audiencia no dej\u00f3 de corear a todo pulm\u00f3n de principio a fin cada uno de los \u00e9xitos de Luis R. Conriquez, quien entre canci\u00f3n y canci\u00f3n interactuaba con sus fans y seguidores de su m\u00fasica.<\/p>\n\n\n\n<p>Cabe destacar que Carriles Ylang Ylang Park, empresa l\u00edder en Entretenimiento, Conciertos &amp; Espect\u00e1culos, hizo posible la espectacular noche de Corridos Belicones en Veracruz.<\/p>\n\n\n\n<p>Recordemos que el \u201cTrakas Tour\u201d de Luis R. Conriquez sigue consolid\u00e1ndose como uno de los conciertos m\u00e1s exitosos y esperados en M\u00e9xico y Estados Unidos.<\/p>\n","protected":false},"excerpt":{"rendered":"<p>Alejandro \u00c1vila Veracruz, Ver.- Totalmente abarrotada luci\u00f3 la Arena Veracruz en la presentaci\u00f3n del \u201cTrakas Tour\u201d del oriundo de Caborca, Luis R. Conriquez, quien complaci\u00f3 a su p\u00fablico con sus corridos belicones. Pasada la media noche, el llamado \u201cRey de los Corrido B\u00e9licos\u201d apareci\u00f3 en el imponente escenario de la Arena Veracruz para cantar a [&hellip;]<\/p>\n","protected":false},"author":2476,"featured_media":60242,"comment_status":"open","ping_status":"open","sticky":false,"template":"","format":"standard","meta":{"_jetpack_memberships_contains_paid_content":false,"footnotes":""},"categories":[2],"tags":[],"class_list":["post-60241","post","type-post","status-publish","format-standard","has-post-thumbnail","hentry","category-estado"],"jetpack_featured_media_url":"https:\/\/encuentroinformativo.com.mx\/wp-content\/uploads\/2024\/11\/IMG-20241102-WA0016-scaled.jpg","jetpack_sharing_enabled":true,"jetpack_likes_enabled":true,"amp_enabled":true,"_links":{"self":[{"href":"https:\/\/encuentroinformativo.com.mx\/index.php?rest_route=\/wp\/v2\/posts\/60241","targetHints":{"allow":["GET"]}}],"collection":[{"href":"https:\/\/encuentroinformativo.com.mx\/index.php?rest_route=\/wp\/v2\/posts"}],"about":[{"href":"https:\/\/encuentroinformativo.com.mx\/index.php?rest_route=\/wp\/v2\/types\/post"}],"author":[{"embeddable":true,"href":"https:\/\/encuentroinformativo.com.mx\/index.php?rest_route=\/wp\/v2\/users\/2476"}],"replies":[{"embeddable":true,"href":"https:\/\/encuentroinformativo.com.mx\/index.php?rest_route=%2Fwp%2Fv2%2Fcomments&post=60241"}],"version-history":[{"count":1,"href":"https:\/\/encuentroinformativo.com.mx\/index.php?rest_route=\/wp\/v2\/posts\/60241\/revisions"}],"predecessor-version":[{"id":60243,"href":"https:\/\/encuentroinformativo.com.mx\/index.php?rest_route=\/wp\/v2\/posts\/60241\/revisions\/60243"}],"wp:featuredmedia":[{"embeddable":true,"href":"https:\/\/encuentroinformativo.com.mx\/index.php?rest_route=\/wp\/v2\/media\/60242"}],"wp:attachment":[{"href":"https:\/\/encuentroinformativo.com.mx\/index.php?rest_route=%2Fwp%2Fv2%2Fmedia&parent=60241"}],"wp:term":[{"taxonomy":"category","embeddable":true,"href":"https:\/\/encuentroinformativo.com.mx\/index.php?rest_route=%2Fwp%2Fv2%2Fcategories&post=60241"},{"taxonomy":"post_tag","embeddable":true,"href":"https:\/\/encuentroinformativo.com.mx\/index.php?rest_route=%2Fwp%2Fv2%2Ftags&post=60241"}],"curies":[{"name":"wp","href":"https:\/\/api.w.org\/{rel}","templated":true}]}}