{"id":60250,"date":"2024-11-02T17:30:31","date_gmt":"2024-11-02T23:30:31","guid":{"rendered":"https:\/\/encuentroinformativo.com.mx\/?p=60250"},"modified":"2024-11-02T17:30:37","modified_gmt":"2024-11-02T23:30:37","slug":"esperan-productores-aprobacion-de-nueva-ley-para-el-cafe","status":"publish","type":"post","link":"https:\/\/encuentroinformativo.com.mx\/?p=60250","title":{"rendered":"Esperan productores aprobaci\u00f3n de nueva Ley para el Caf\u00e9"},"content":{"rendered":"\n<p><strong>Dar\u00edo Pale <\/strong><\/p>\n\n\n\n<p>Xalapa, Ver.- Los productores de caf\u00e9 en el estado de Veracruz est\u00e1n pidiendo a la C\u00e1mara de Diputados que aprueben la propuesta de la nueva Ley para el Caf\u00e9 la cual fue acordada por la C\u00e1mara de Senadores.<\/p>\n\n\n\n<p>Dieron a conocer que de aprobarse, se instalar\u00eda la Comisi\u00f3n para el Desarrollo de la Caficultura Mexicana, en la que participar\u00e1n, adem\u00e1s del sector, dependencias como la Secretar\u00eda de Agricultura y Desarrollo Rural (Sader), la Secretar\u00eda de Econom\u00eda (SE) y otras.<\/p>\n\n\n\n<p>Con ello se formar\u00eda el Comit\u00e9 de Comercializaci\u00f3n que maneja esa Ley y se trabajar\u00eda en lo que se\u00f1ala el cap\u00edtulo de precios pagados a los productores.<\/p>\n\n\n\n<p>Con ello se recabar\u00e1n datos de las referencias de precios de exportaci\u00f3n del caf\u00e9 mexicano y en el mercado interno, encuestas de precios pagados a los productores y estudios sobre los costos de comercializaci\u00f3n, tanto de exportaci\u00f3n como de lo que va al consumo nacional.<\/p>\n\n\n\n<p>En otros orden de ideas, indicaron que esperan buenos precios de su producto en la cosecha que est\u00e1 por iniciar en el mes de diciembre.<\/p>\n\n\n\n<p>Ante el retraso que se tiene de la cosecha del caf\u00e9 en los estados donde se vende en cereza (maduro), como es el caso del estado de Veracruz, los productores esperan que se mantengan los precios actuales para la pr\u00f3xima cosecha.<\/p>\n\n\n\n<p>Fernando Celis Callejas, asesor general de la Coordinadora Nacional de Organizaciones Cafetaleras (CNOC), coment\u00f3 que por diferentes factores se tiene un retraso de casi un mes de la cosecha del presente a\u00f1o.<\/p>\n\n\n\n<p>Finalmente dio a conocer que, \u201cla cosecha est\u00e1 retrasada en los estados donde se vende m\u00e1s en cereza, como Veracruz y Puebla, por lo que se espera que los precios sean mejores que los de la cosecha del 2023\u201d.<\/p>\n","protected":false},"excerpt":{"rendered":"<p>Dar\u00edo Pale Xalapa, Ver.- Los productores de caf\u00e9 en el estado de Veracruz est\u00e1n pidiendo a la C\u00e1mara de Diputados que aprueben la propuesta de la nueva Ley para el Caf\u00e9 la cual fue acordada por la C\u00e1mara de Senadores. Dieron a conocer que de aprobarse, se instalar\u00eda la Comisi\u00f3n para el Desarrollo de la [&hellip;]<\/p>\n","protected":false},"author":2476,"featured_media":60251,"comment_status":"open","ping_status":"open","sticky":false,"template":"","format":"standard","meta":{"_jetpack_memberships_contains_paid_content":false,"footnotes":""},"categories":[2],"tags":[],"class_list":["post-60250","post","type-post","status-publish","format-standard","has-post-thumbnail","hentry","category-estado"],"jetpack_featured_media_url":"https:\/\/encuentroinformativo.com.mx\/wp-content\/uploads\/2024\/11\/IMG-20241102-WA0023.jpg","jetpack_sharing_enabled":true,"jetpack_likes_enabled":true,"amp_enabled":true,"_links":{"self":[{"href":"https:\/\/encuentroinformativo.com.mx\/index.php?rest_route=\/wp\/v2\/posts\/60250","targetHints":{"allow":["GET"]}}],"collection":[{"href":"https:\/\/encuentroinformativo.com.mx\/index.php?rest_route=\/wp\/v2\/posts"}],"about":[{"href":"https:\/\/encuentroinformativo.com.mx\/index.php?rest_route=\/wp\/v2\/types\/post"}],"author":[{"embeddable":true,"href":"https:\/\/encuentroinformativo.com.mx\/index.php?rest_route=\/wp\/v2\/users\/2476"}],"replies":[{"embeddable":true,"href":"https:\/\/encuentroinformativo.com.mx\/index.php?rest_route=%2Fwp%2Fv2%2Fcomments&post=60250"}],"version-history":[{"count":1,"href":"https:\/\/encuentroinformativo.com.mx\/index.php?rest_route=\/wp\/v2\/posts\/60250\/revisions"}],"predecessor-version":[{"id":60252,"href":"https:\/\/encuentroinformativo.com.mx\/index.php?rest_route=\/wp\/v2\/posts\/60250\/revisions\/60252"}],"wp:featuredmedia":[{"embeddable":true,"href":"https:\/\/encuentroinformativo.com.mx\/index.php?rest_route=\/wp\/v2\/media\/60251"}],"wp:attachment":[{"href":"https:\/\/encuentroinformativo.com.mx\/index.php?rest_route=%2Fwp%2Fv2%2Fmedia&parent=60250"}],"wp:term":[{"taxonomy":"category","embeddable":true,"href":"https:\/\/encuentroinformativo.com.mx\/index.php?rest_route=%2Fwp%2Fv2%2Fcategories&post=60250"},{"taxonomy":"post_tag","embeddable":true,"href":"https:\/\/encuentroinformativo.com.mx\/index.php?rest_route=%2Fwp%2Fv2%2Ftags&post=60250"}],"curies":[{"name":"wp","href":"https:\/\/api.w.org\/{rel}","templated":true}]}}