{"id":60253,"date":"2024-11-02T17:36:25","date_gmt":"2024-11-02T23:36:25","guid":{"rendered":"https:\/\/encuentroinformativo.com.mx\/?p=60253"},"modified":"2024-11-02T17:36:31","modified_gmt":"2024-11-02T23:36:31","slug":"una-persona-fue-ejecutada-al-interior-de-su-vivienda-en-la-progreso","status":"publish","type":"post","link":"https:\/\/encuentroinformativo.com.mx\/?p=60253","title":{"rendered":"Una persona fue ejecutada al interior de su vivienda en la Progreso"},"content":{"rendered":"\n<p><strong>Dar\u00edo Pale <\/strong><\/p>\n\n\n\n<p>Xalapa, Ver.- La tarde de este s\u00e1bado fue asesinada una persona al interior de su domicilio por un impacto de arma de fuego a la altura de la cabeza, esto se registr\u00f3 en la calle Chilpancingo, casi esquina con Acapulco, en la colonia Progreso Macuiltepetl de esta ciudad, al parecer por un problema familiar.<\/p>\n\n\n\n<p>Seg\u00fan la informaci\u00f3n que se dio a conocer el incidente habr\u00eda derivado de una discusi\u00f3n familiar entre la v\u00edctima y su asesino, el cual le dispar\u00f3 con un arma de fuego en medio de la disputa.\u00a0<\/p>\n\n\n\n<p>Los vecinos de la zona alertaron a las autoridades luego de escuchar disparos dentro del inmueble, al llegar, los polic\u00edas encontraron el cuerpo sin vida de la v\u00edctima, al arribar al lugar de los hechos los param\u00e9dicos de Grupo Panteras s\u00f3lo pudieron confirmar el deceso.<\/p>\n\n\n\n<p>La Polic\u00eda Estatal y Polic\u00eda Municipal de Xalapa acordonaron el \u00e1rea, extendiendo el per\u00edmetro de seguridad a varias cuadras alrededor de la vivienda, mientras que personal de la Fiscal\u00eda General del Estado inici\u00f3 las primeras diligencias.<\/p>\n\n\n\n<p>El presunto responsable huy\u00f3 del lugar, sin que hasta el momento se hayan realizado detenciones, por lo que las autoridades contin\u00faan con las diligencias para esclarecer los hechos y dar con el paradero del sospechoso.<\/p>\n\n\n\n<figure class=\"wp-block-image size-large\"><img loading=\"lazy\" decoding=\"async\" width=\"1024\" height=\"683\" src=\"https:\/\/encuentroinformativo.com.mx\/wp-content\/uploads\/2024\/11\/1000416461-1024x683.jpg\" alt=\"\" class=\"wp-image-60255\" srcset=\"https:\/\/encuentroinformativo.com.mx\/wp-content\/uploads\/2024\/11\/1000416461-1024x683.jpg 1024w, https:\/\/encuentroinformativo.com.mx\/wp-content\/uploads\/2024\/11\/1000416461-300x200.jpg 300w, https:\/\/encuentroinformativo.com.mx\/wp-content\/uploads\/2024\/11\/1000416461-768x512.jpg 768w, https:\/\/encuentroinformativo.com.mx\/wp-content\/uploads\/2024\/11\/1000416461-1536x1024.jpg 1536w, https:\/\/encuentroinformativo.com.mx\/wp-content\/uploads\/2024\/11\/1000416461-2048x1365.jpg 2048w\" sizes=\"auto, (max-width: 1024px) 100vw, 1024px\" \/><\/figure>\n","protected":false},"excerpt":{"rendered":"<p>Dar\u00edo Pale Xalapa, Ver.- La tarde de este s\u00e1bado fue asesinada una persona al interior de su domicilio por un impacto de arma de fuego a la altura de la cabeza, esto se registr\u00f3 en la calle Chilpancingo, casi esquina con Acapulco, en la colonia Progreso Macuiltepetl de esta ciudad, al parecer por un problema [&hellip;]<\/p>\n","protected":false},"author":2476,"featured_media":60254,"comment_status":"open","ping_status":"open","sticky":false,"template":"","format":"standard","meta":{"_jetpack_memberships_contains_paid_content":false,"footnotes":""},"categories":[14],"tags":[],"class_list":["post-60253","post","type-post","status-publish","format-standard","has-post-thumbnail","hentry","category-policiaca"],"jetpack_featured_media_url":"https:\/\/encuentroinformativo.com.mx\/wp-content\/uploads\/2024\/11\/Photo_1730590384052-scaled.jpg","jetpack_sharing_enabled":true,"jetpack_likes_enabled":true,"amp_enabled":true,"_links":{"self":[{"href":"https:\/\/encuentroinformativo.com.mx\/index.php?rest_route=\/wp\/v2\/posts\/60253","targetHints":{"allow":["GET"]}}],"collection":[{"href":"https:\/\/encuentroinformativo.com.mx\/index.php?rest_route=\/wp\/v2\/posts"}],"about":[{"href":"https:\/\/encuentroinformativo.com.mx\/index.php?rest_route=\/wp\/v2\/types\/post"}],"author":[{"embeddable":true,"href":"https:\/\/encuentroinformativo.com.mx\/index.php?rest_route=\/wp\/v2\/users\/2476"}],"replies":[{"embeddable":true,"href":"https:\/\/encuentroinformativo.com.mx\/index.php?rest_route=%2Fwp%2Fv2%2Fcomments&post=60253"}],"version-history":[{"count":1,"href":"https:\/\/encuentroinformativo.com.mx\/index.php?rest_route=\/wp\/v2\/posts\/60253\/revisions"}],"predecessor-version":[{"id":60256,"href":"https:\/\/encuentroinformativo.com.mx\/index.php?rest_route=\/wp\/v2\/posts\/60253\/revisions\/60256"}],"wp:featuredmedia":[{"embeddable":true,"href":"https:\/\/encuentroinformativo.com.mx\/index.php?rest_route=\/wp\/v2\/media\/60254"}],"wp:attachment":[{"href":"https:\/\/encuentroinformativo.com.mx\/index.php?rest_route=%2Fwp%2Fv2%2Fmedia&parent=60253"}],"wp:term":[{"taxonomy":"category","embeddable":true,"href":"https:\/\/encuentroinformativo.com.mx\/index.php?rest_route=%2Fwp%2Fv2%2Fcategories&post=60253"},{"taxonomy":"post_tag","embeddable":true,"href":"https:\/\/encuentroinformativo.com.mx\/index.php?rest_route=%2Fwp%2Fv2%2Ftags&post=60253"}],"curies":[{"name":"wp","href":"https:\/\/api.w.org\/{rel}","templated":true}]}}