{"id":60262,"date":"2024-11-03T22:25:27","date_gmt":"2024-11-04T04:25:27","guid":{"rendered":"https:\/\/encuentroinformativo.com.mx\/?p=60262"},"modified":"2024-11-03T22:25:33","modified_gmt":"2024-11-04T04:25:33","slug":"investigacion-e-inteligencia-para-combatir-a-grupos-delictivos-principales-puntos-en-la-nueva-ley-de-seguridad","status":"publish","type":"post","link":"https:\/\/encuentroinformativo.com.mx\/?p=60262","title":{"rendered":"Investigaci\u00f3n e inteligencia para combatir a grupos delictivos: principales puntos en la nueva ley de seguridad"},"content":{"rendered":"\n<p><strong>Alejandro \u00c1vila<\/strong><\/p>\n\n\n\n<p>Veracruz, Ver.- La Presidenta Claudia Sheinbaum Pardo recientemente envi\u00f3 a la C\u00e1mara de Diputados una propuesta de ley para la Secretar\u00eda de Seguridad y Protecci\u00f3n Ciudadana en la que destacan puntos como la creaci\u00f3n de una entidad encargada de recabar informaci\u00f3n y que las polic\u00edas puedan realizar investigaciones.<\/p>\n\n\n\n<p>En la iniciativa se propone la conformaci\u00f3n del Centro Nacional de Inteligencia (CNI) y de la Subsecretar\u00eda de Inteligencia e Investigaci\u00f3n Policial con lo que se pretende recabar informaci\u00f3n sobre los diversos grupos criminales que operan en el pa\u00eds.<\/p>\n\n\n\n<p>En la propuesta de ley se asegura que la SSPC actuar\u00e1 en todo momento apegado a los Derechos Humanos y respetando ante todo a la ciudadan\u00eda.<\/p>\n\n\n\n<p>La iniciativa propone la creaci\u00f3n de este sistema para coordinar a la SSPC, FGR, fiscal\u00edas estatales y polic\u00edas locales en la recopilaci\u00f3n y an\u00e1lisis de informaci\u00f3n en seguridad p\u00fablica.<\/p>\n\n\n\n<p>De acuerdo a lo se\u00f1alado, lo que se pretende con el fortalecimiento de la obtenci\u00f3n de informaci\u00f3n, es trabajar de la mano con la Fiscal\u00eda General de la Rep\u00fablica, as\u00ed como dependencias estatales para investigar delitos.<\/p>\n\n\n\n<p>Con dicha coordinaci\u00f3n se conformar\u00e1 el Sistema Nacional de Investigaci\u00f3n e Inteligencia en Seguridad P\u00fablica y de esta manera recuperar La Paz social en M\u00e9xico.<\/p>\n\n\n\n<p>La ley otorgar\u00e1 facultades de investigaci\u00f3n, similares a las actuaciones ministeriales de la FGR para que las evidencias recabadas por elementos de la SPPC sean admisibles en procesos judiciales.<\/p>\n\n\n\n<p>Como forma de fortalecer la seguridad tambi\u00e9n la SSPC tendr\u00e1 la funci\u00f3n de coordinar acciones espec\u00edficas para la vigilancia y protecci\u00f3n de instalaciones consideradas estrat\u00e9gicas para el pa\u00eds.<\/p>\n\n\n\n<p>Se podr\u00e1 coordinar a Secretar\u00edas de Seguridad estatales cuando sea necesario para hacer frente a la inseguridad en las entidades del pa\u00eds.<\/p>\n\n\n\n<p>Asimismo se incluyen nuevas \u00e1reas dentro de la SSPC enfocadas en la prevenci\u00f3n del delito, abordando las causas subyacentes de la delincuencia mediante programas y pol\u00edticas preventivas.<\/p>\n\n\n\n<p>Cabe se\u00f1alar que la actual Presidenta ha externado su preocupaci\u00f3n ante la inseguridad que existe en diferentes partes del pa\u00eds, por lo que ha respaldado iniciativas que buscan fortalecer el combate a la delincuencia y la procuraci\u00f3n de justicia.<\/p>\n\n\n\n<p>Entre dichas modificaciones se encuentran la reforma al Poder Judicial Federal y el paso de la Guardia Nacional a la Secretar\u00eda de la Defensa Nacional, con lo que se busca mayor eficiencia en el frente contra la delincuencia organizada.<\/p>\n\n\n\n<p>Cabe recordar que gobierno de Andr\u00e9s Manuel L\u00f3pez Obrador concluy\u00f3 con un total de 188 mil 987 homicidios dolosos, lo cual en gran parte se atribuy\u00f3 a pugnas entre carteles.<\/p>\n","protected":false},"excerpt":{"rendered":"<p>Alejandro \u00c1vila Veracruz, Ver.- La Presidenta Claudia Sheinbaum Pardo recientemente envi\u00f3 a la C\u00e1mara de Diputados una propuesta de ley para la Secretar\u00eda de Seguridad y Protecci\u00f3n Ciudadana en la que destacan puntos como la creaci\u00f3n de una entidad encargada de recabar informaci\u00f3n y que las polic\u00edas puedan realizar investigaciones. En la iniciativa se propone [&hellip;]<\/p>\n","protected":false},"author":2476,"featured_media":60263,"comment_status":"open","ping_status":"open","sticky":false,"template":"","format":"standard","meta":{"_jetpack_memberships_contains_paid_content":false,"footnotes":""},"categories":[12],"tags":[],"class_list":["post-60262","post","type-post","status-publish","format-standard","has-post-thumbnail","hentry","category-nacional"],"jetpack_featured_media_url":"https:\/\/encuentroinformativo.com.mx\/wp-content\/uploads\/2024\/11\/IMG-20241103-WA0004.jpg","jetpack_sharing_enabled":true,"jetpack_likes_enabled":true,"amp_enabled":true,"_links":{"self":[{"href":"https:\/\/encuentroinformativo.com.mx\/index.php?rest_route=\/wp\/v2\/posts\/60262","targetHints":{"allow":["GET"]}}],"collection":[{"href":"https:\/\/encuentroinformativo.com.mx\/index.php?rest_route=\/wp\/v2\/posts"}],"about":[{"href":"https:\/\/encuentroinformativo.com.mx\/index.php?rest_route=\/wp\/v2\/types\/post"}],"author":[{"embeddable":true,"href":"https:\/\/encuentroinformativo.com.mx\/index.php?rest_route=\/wp\/v2\/users\/2476"}],"replies":[{"embeddable":true,"href":"https:\/\/encuentroinformativo.com.mx\/index.php?rest_route=%2Fwp%2Fv2%2Fcomments&post=60262"}],"version-history":[{"count":1,"href":"https:\/\/encuentroinformativo.com.mx\/index.php?rest_route=\/wp\/v2\/posts\/60262\/revisions"}],"predecessor-version":[{"id":60264,"href":"https:\/\/encuentroinformativo.com.mx\/index.php?rest_route=\/wp\/v2\/posts\/60262\/revisions\/60264"}],"wp:featuredmedia":[{"embeddable":true,"href":"https:\/\/encuentroinformativo.com.mx\/index.php?rest_route=\/wp\/v2\/media\/60263"}],"wp:attachment":[{"href":"https:\/\/encuentroinformativo.com.mx\/index.php?rest_route=%2Fwp%2Fv2%2Fmedia&parent=60262"}],"wp:term":[{"taxonomy":"category","embeddable":true,"href":"https:\/\/encuentroinformativo.com.mx\/index.php?rest_route=%2Fwp%2Fv2%2Fcategories&post=60262"},{"taxonomy":"post_tag","embeddable":true,"href":"https:\/\/encuentroinformativo.com.mx\/index.php?rest_route=%2Fwp%2Fv2%2Ftags&post=60262"}],"curies":[{"name":"wp","href":"https:\/\/api.w.org\/{rel}","templated":true}]}}