{"id":60265,"date":"2024-11-04T10:37:45","date_gmt":"2024-11-04T16:37:45","guid":{"rendered":"https:\/\/encuentroinformativo.com.mx\/?p=60265"},"modified":"2024-11-04T10:37:50","modified_gmt":"2024-11-04T16:37:50","slug":"acusan-a-la-sev-de-robar-plaza-a-maestro","status":"publish","type":"post","link":"https:\/\/encuentroinformativo.com.mx\/?p=60265","title":{"rendered":"Acusan a la SEV de &#8220;robar&#8221; plaza a maestro"},"content":{"rendered":"\n<p><strong>Dar\u00edo Pale <\/strong><\/p>\n\n\n\n<p>Xalapa, Ver.- La maestra Silvia Elena Salmeron Landa Secretaria General del Sindicato Renovador Magisterial Veracruzano (SRMAV), dio a conocer que se est\u00e1n manifestando debido a que a uno de sus agremiados la Secretar\u00eda de Educaci\u00f3n de Veracruz (SEV) le robo su plaza.<\/p>\n\n\n\n<p id=\"m_-7257188735351194800docs-internal-guid-7d9f17de-7fff-97b5-d545-2ee1c3b77c6d\">Entrevistada durante la manifestaci\u00f3n se\u00f1al\u00f3 el bloque\u00f3 se debe a que uno de sus agremiados present\u00f3 un examen de la USICAM, y gan\u00f3 el lugar 146 le otorgan su plaza, pero el ya tenia otra por 25 a\u00f1os de servicio, por lo que seg\u00fan marca la USICAM si se cuenta ya con otra plaza se le debe de otorgar la otra cerca de la primera.<\/p>\n\n\n\n<p id=\"m_-7257188735351194800docs-internal-guid-7d9f17de-7fff-97b5-d545-2ee1c3b77c6d\">\u201cLo despojas de la plaza porque le dicen que no hay lugar, no hay lugar, y no hay lugar y de la nada le quitan sin el maestro firmar una renuncia y lo despojaron de la plaza fue un vil robo, de primarias de una escuela primaria de Xalapa\u201d, se\u00f1al\u00f3.<\/p>\n\n\n\n<p id=\"m_-7257188735351194800docs-internal-guid-7d9f17de-7fff-97b5-d545-2ee1c3b77c6d\">Por su parte el maestro Octavio P\u00e9rez Borbolla coment\u00f3 que se gan\u00f3 su plaza de primaria en el proceso del 2023-2024 donde ocup\u00f3 un buen lugar, le dieron su plaza en el ejido 20 de noviembre de Perote por compatibilidad, pero en una reuni\u00f3n del 23 de julio sacaron una lista de lugares y en ninguno era compatible con el de \u00e9l en Xalapa que es donde labora.<\/p>\n\n\n\n<p id=\"m_-7257188735351194800docs-internal-guid-7d9f17de-7fff-97b5-d545-2ee1c3b77c6d\">Seg\u00fan el art\u00edculo 36 de USICAM dice que las autoridades federativas tienen que prever esos casos para que no tuviera problemas como los que est\u00e1 enfrentando pero al no haber alg\u00fan lugar donde pueda laborar la SEV no les dio opci\u00f3n, por lo que desde la primera entrevista no hubo mucha disposici\u00f3n.<\/p>\n\n\n\n<p id=\"m_-7257188735351194800docs-internal-guid-7d9f17de-7fff-97b5-d545-2ee1c3b77c6d\">En la plataforma de la SEV le pusieron \u201cBaja por renuncia\u201d, lo cual no ha hecho ya que \u00e9l personalmente no ha realizado dicho tr\u00e1mite, lo cual es una violaci\u00f3n a sus derechos laborales y humanos, al igual que violentan los lineamientos de la USICAM que ellos tenian que cumplir, y no quisieron hacer caso.<\/p>\n\n\n\n<p id=\"m_-7257188735351194800docs-internal-guid-7d9f17de-7fff-97b5-d545-2ee1c3b77c6d\">La l\u00edder sindical se\u00f1al\u00f3 que el pasado mi\u00e9rcoles metieron un oficio con la presidenta Claudia Sheinbaum a la ciudad de M\u00e9xico, y en respuesta la SEP remiti\u00f3 un oficio a la SEV para que atiendan este caso y hasta el momento no han recibido ninguna llamada para resolver este tema.<\/p>\n\n\n\n<p id=\"m_-7257188735351194800docs-internal-guid-7d9f17de-7fff-97b5-d545-2ee1c3b77c6d\">Finalmente pidi\u00f3 al gobernador Cuitl\u00e1huac Garc\u00eda Jim\u00e9nez y al ex secretario Zenyazen Escobar Garc\u00eda quien tanto ha pregonado que USICAM ya se va a terminar, por lo que quieren saber donde quedo la base de su agremiado y no se van a mover del centro hasta que no le regresen su plaza al maestro que le robaron.<\/p>\n","protected":false},"excerpt":{"rendered":"<p>Dar\u00edo Pale Xalapa, Ver.- La maestra Silvia Elena Salmeron Landa Secretaria General del Sindicato Renovador Magisterial Veracruzano (SRMAV), dio a conocer que se est\u00e1n manifestando debido a que a uno de sus agremiados la Secretar\u00eda de Educaci\u00f3n de Veracruz (SEV) le robo su plaza. Entrevistada durante la manifestaci\u00f3n se\u00f1al\u00f3 el bloque\u00f3 se debe a que [&hellip;]<\/p>\n","protected":false},"author":2476,"featured_media":60266,"comment_status":"open","ping_status":"open","sticky":false,"template":"","format":"standard","meta":{"_jetpack_memberships_contains_paid_content":false,"footnotes":""},"categories":[3],"tags":[],"class_list":["post-60265","post","type-post","status-publish","format-standard","has-post-thumbnail","hentry","category-xalapa"],"jetpack_featured_media_url":"https:\/\/encuentroinformativo.com.mx\/wp-content\/uploads\/2024\/11\/IMG-20241104-WA0006.jpg","jetpack_sharing_enabled":true,"jetpack_likes_enabled":true,"amp_enabled":true,"_links":{"self":[{"href":"https:\/\/encuentroinformativo.com.mx\/index.php?rest_route=\/wp\/v2\/posts\/60265","targetHints":{"allow":["GET"]}}],"collection":[{"href":"https:\/\/encuentroinformativo.com.mx\/index.php?rest_route=\/wp\/v2\/posts"}],"about":[{"href":"https:\/\/encuentroinformativo.com.mx\/index.php?rest_route=\/wp\/v2\/types\/post"}],"author":[{"embeddable":true,"href":"https:\/\/encuentroinformativo.com.mx\/index.php?rest_route=\/wp\/v2\/users\/2476"}],"replies":[{"embeddable":true,"href":"https:\/\/encuentroinformativo.com.mx\/index.php?rest_route=%2Fwp%2Fv2%2Fcomments&post=60265"}],"version-history":[{"count":1,"href":"https:\/\/encuentroinformativo.com.mx\/index.php?rest_route=\/wp\/v2\/posts\/60265\/revisions"}],"predecessor-version":[{"id":60267,"href":"https:\/\/encuentroinformativo.com.mx\/index.php?rest_route=\/wp\/v2\/posts\/60265\/revisions\/60267"}],"wp:featuredmedia":[{"embeddable":true,"href":"https:\/\/encuentroinformativo.com.mx\/index.php?rest_route=\/wp\/v2\/media\/60266"}],"wp:attachment":[{"href":"https:\/\/encuentroinformativo.com.mx\/index.php?rest_route=%2Fwp%2Fv2%2Fmedia&parent=60265"}],"wp:term":[{"taxonomy":"category","embeddable":true,"href":"https:\/\/encuentroinformativo.com.mx\/index.php?rest_route=%2Fwp%2Fv2%2Fcategories&post=60265"},{"taxonomy":"post_tag","embeddable":true,"href":"https:\/\/encuentroinformativo.com.mx\/index.php?rest_route=%2Fwp%2Fv2%2Ftags&post=60265"}],"curies":[{"name":"wp","href":"https:\/\/api.w.org\/{rel}","templated":true}]}}