{"id":60277,"date":"2024-11-04T14:05:06","date_gmt":"2024-11-04T20:05:06","guid":{"rendered":"https:\/\/encuentroinformativo.com.mx\/?p=60277"},"modified":"2024-11-04T14:05:10","modified_gmt":"2024-11-04T20:05:10","slug":"en-teocelo-invitan-al-festival-del-cafe","status":"publish","type":"post","link":"https:\/\/encuentroinformativo.com.mx\/?p=60277","title":{"rendered":"En Teocelo, invitan al Festival del Caf\u00e9"},"content":{"rendered":"\n<p><strong>Dar\u00edo Pale <\/strong><\/p>\n\n\n\n<p>Xalapa, Ver.- Invitan al \u201cFestival del Caf\u00e9 con Pan\u201d, el cual se realizar\u00e1 del 15 al 17 de noviembre Teocelo en su tercera edici\u00f3n del Festival, donde habr\u00e1 expo venta, cataci\u00f3n, tueste y conferencias con expositores a nivel nacional son algunas actividades organizadas por el Consejo Municipal del Caf\u00e9 en colaboraci\u00f3n con el Ayuntamiento.\u00a0<\/p>\n\n\n\n<p>En conferencia de prensa Abraham Tarelo Xilot, del Consejo Municipal del Caf\u00e9, coment\u00f3 que, &#8220;estar\u00e1 lleno de recorridos, ponencias por parte de profesionales de distintas partes del pa\u00eds, de competidores de varismo, tueste y cataci\u00f3n, que de igual manera nos visitan de la parte norte del pa\u00eds, hasta competidores del sur de nuestro pa\u00eds. Tenemos de Oaxaca, Ciudad de M\u00e9xico, Guadalajara, Monterrey&#8230; es un festival de mucho conocimiento y participantes&#8221;.<\/p>\n\n\n\n<p>Sandra Paola Garc\u00eda Guti\u00e9rrez, quien ser\u00e1\u00a0 juez sensorial en el primer\u00a0 campeonato de barismo que se realizar\u00e1 durante este evento dio a conocer que se otorgar\u00e1 el premio de Calidad de Taza.\u00a0<\/p>\n\n\n\n<p>Ser\u00e1n 16 los participantes de Teocelo, San Marcos y de municipios de otros estados quienes participar\u00e1n tambi\u00e9n en el torneo de tueste.<\/p>\n\n\n\n<p>Por \u00faltimo inform\u00f3 que este evento favorecer\u00e1 la econom\u00eda local a trav\u00e9s del turismo y hoteler\u00eda. Se calcula que haya por lo menos entre 5 y 6 mil visitantes por d\u00eda.<\/p>\n","protected":false},"excerpt":{"rendered":"<p>Dar\u00edo Pale Xalapa, Ver.- Invitan al \u201cFestival del Caf\u00e9 con Pan\u201d, el cual se realizar\u00e1 del 15 al 17 de noviembre Teocelo en su tercera edici\u00f3n del Festival, donde habr\u00e1 expo venta, cataci\u00f3n, tueste y conferencias con expositores a nivel nacional son algunas actividades organizadas por el Consejo Municipal del Caf\u00e9 en colaboraci\u00f3n con el [&hellip;]<\/p>\n","protected":false},"author":2476,"featured_media":60278,"comment_status":"open","ping_status":"open","sticky":false,"template":"","format":"standard","meta":{"_jetpack_memberships_contains_paid_content":false,"footnotes":""},"categories":[8],"tags":[],"class_list":["post-60277","post","type-post","status-publish","format-standard","has-post-thumbnail","hentry","category-region"],"jetpack_featured_media_url":"https:\/\/encuentroinformativo.com.mx\/wp-content\/uploads\/2024\/11\/IMG-20241104-WA00682.jpg","jetpack_sharing_enabled":true,"jetpack_likes_enabled":true,"amp_enabled":true,"_links":{"self":[{"href":"https:\/\/encuentroinformativo.com.mx\/index.php?rest_route=\/wp\/v2\/posts\/60277","targetHints":{"allow":["GET"]}}],"collection":[{"href":"https:\/\/encuentroinformativo.com.mx\/index.php?rest_route=\/wp\/v2\/posts"}],"about":[{"href":"https:\/\/encuentroinformativo.com.mx\/index.php?rest_route=\/wp\/v2\/types\/post"}],"author":[{"embeddable":true,"href":"https:\/\/encuentroinformativo.com.mx\/index.php?rest_route=\/wp\/v2\/users\/2476"}],"replies":[{"embeddable":true,"href":"https:\/\/encuentroinformativo.com.mx\/index.php?rest_route=%2Fwp%2Fv2%2Fcomments&post=60277"}],"version-history":[{"count":1,"href":"https:\/\/encuentroinformativo.com.mx\/index.php?rest_route=\/wp\/v2\/posts\/60277\/revisions"}],"predecessor-version":[{"id":60279,"href":"https:\/\/encuentroinformativo.com.mx\/index.php?rest_route=\/wp\/v2\/posts\/60277\/revisions\/60279"}],"wp:featuredmedia":[{"embeddable":true,"href":"https:\/\/encuentroinformativo.com.mx\/index.php?rest_route=\/wp\/v2\/media\/60278"}],"wp:attachment":[{"href":"https:\/\/encuentroinformativo.com.mx\/index.php?rest_route=%2Fwp%2Fv2%2Fmedia&parent=60277"}],"wp:term":[{"taxonomy":"category","embeddable":true,"href":"https:\/\/encuentroinformativo.com.mx\/index.php?rest_route=%2Fwp%2Fv2%2Fcategories&post=60277"},{"taxonomy":"post_tag","embeddable":true,"href":"https:\/\/encuentroinformativo.com.mx\/index.php?rest_route=%2Fwp%2Fv2%2Ftags&post=60277"}],"curies":[{"name":"wp","href":"https:\/\/api.w.org\/{rel}","templated":true}]}}