{"id":60283,"date":"2024-11-04T14:16:40","date_gmt":"2024-11-04T20:16:40","guid":{"rendered":"https:\/\/encuentroinformativo.com.mx\/?p=60283"},"modified":"2024-11-04T14:16:45","modified_gmt":"2024-11-04T20:16:45","slug":"por-presuntos-malos-manejos-solicitan-auditoria-en-cmas-de-coatepec","status":"publish","type":"post","link":"https:\/\/encuentroinformativo.com.mx\/?p=60283","title":{"rendered":"Por presuntos malos manejos, solicitan auditor\u00eda en CMAS de Coatepec"},"content":{"rendered":"\n<p><strong>Dar\u00edo Pale <\/strong><\/p>\n\n\n\n<p>Xalapa, Ver.- Distintas comunidades de Coatepec, denunciaron los malos manejos del agua en dicho municipio por lo que denunciaron a CMAS y al ayuntamiento por la mala gesti\u00f3n por el mal manejo del vital l\u00edquido Diputado federal va por una auditor\u00eda a la Comisi\u00f3n Municipal de Agua de Coatepec.<\/p>\n\n\n\n<p>En conferencia de prensa habitantes de La Laguna, La Ordu\u00f1a, de Zoncuantla, acompa\u00f1ados por el diputado federal Adri\u00e1n Gonz\u00e1lez Naveda, dio a conocer que se van a enfocar en la crisis h\u00eddrica que se enfrenta a nivel mundial, pero se tiene que iniciar con la construcci\u00f3n de contralor\u00edas ciudadanas para ir de abajo hacia arriba.<\/p>\n\n\n\n<p>Dijo que hoy quieren hacer una exigencia a CMAS de Coatepec, no hay obra &#8220;estamos exigiendo una auditor\u00eda ciudadana para ver d\u00f3nde est\u00e1n invirtiendo todos ese dinero que recaudan anual y mensualmente&#8221;.<\/p>\n\n\n\n<p>Precis\u00f3 que es importante que se transparenten los recursos p\u00fablicos, &#8220;Estamos\u00a0 exigiendo que la CMAS de Coatepec opere con absoluta transparencia y justifique porque ha invertido tan poco en garantizar el abasto de agua&#8221;.<\/p>\n\n\n\n<p>El diputado por el distrito de Coatepec, revel\u00f3 que son miles los usuarios de Coatepec en esta administraci\u00f3n y por lo tanto la entrada de recursos se duplic\u00f3 en la administraci\u00f3n municipal que encabeza el alcalde Raymundo Andrade de Morena.<\/p>\n\n\n\n<p>Ciudadanos de Coatepec, que se sumaron a la denuncia de la irregular gesti\u00f3n de CMAS de ese municipio, explicaron que la falta del vital l\u00edquido obedece a qu\u00e9 no existe una ejecuci\u00f3n\u00a0 de obras, corrupci\u00f3n, cambio clim\u00e1tico y expansi\u00f3n urbana, lo que ha generado un deterioro notable en la cantidad y calidad del agua que llega a los hogares y cuerpos de agua.<\/p>\n\n\n\n<p>Entre los problemas detectados se encuentran la necesidad de rehabilitaci\u00f3n y mantenimiento de cajas de agua y l\u00edneas de conducci\u00f3n, la construcci\u00f3n de plantas potabilizadoras y la presencia de agua de mala calidad en varias colonias, entre otras cosas m\u00e1s.<\/p>\n","protected":false},"excerpt":{"rendered":"<p>Dar\u00edo Pale Xalapa, Ver.- Distintas comunidades de Coatepec, denunciaron los malos manejos del agua en dicho municipio por lo que denunciaron a CMAS y al ayuntamiento por la mala gesti\u00f3n por el mal manejo del vital l\u00edquido Diputado federal va por una auditor\u00eda a la Comisi\u00f3n Municipal de Agua de Coatepec. En conferencia de prensa [&hellip;]<\/p>\n","protected":false},"author":2476,"featured_media":60284,"comment_status":"open","ping_status":"open","sticky":false,"template":"","format":"standard","meta":{"_jetpack_memberships_contains_paid_content":false,"footnotes":""},"categories":[8],"tags":[],"class_list":["post-60283","post","type-post","status-publish","format-standard","has-post-thumbnail","hentry","category-region"],"jetpack_featured_media_url":"https:\/\/encuentroinformativo.com.mx\/wp-content\/uploads\/2024\/11\/IMG-20241104-WA0078.jpg","jetpack_sharing_enabled":true,"jetpack_likes_enabled":true,"amp_enabled":true,"_links":{"self":[{"href":"https:\/\/encuentroinformativo.com.mx\/index.php?rest_route=\/wp\/v2\/posts\/60283","targetHints":{"allow":["GET"]}}],"collection":[{"href":"https:\/\/encuentroinformativo.com.mx\/index.php?rest_route=\/wp\/v2\/posts"}],"about":[{"href":"https:\/\/encuentroinformativo.com.mx\/index.php?rest_route=\/wp\/v2\/types\/post"}],"author":[{"embeddable":true,"href":"https:\/\/encuentroinformativo.com.mx\/index.php?rest_route=\/wp\/v2\/users\/2476"}],"replies":[{"embeddable":true,"href":"https:\/\/encuentroinformativo.com.mx\/index.php?rest_route=%2Fwp%2Fv2%2Fcomments&post=60283"}],"version-history":[{"count":1,"href":"https:\/\/encuentroinformativo.com.mx\/index.php?rest_route=\/wp\/v2\/posts\/60283\/revisions"}],"predecessor-version":[{"id":60285,"href":"https:\/\/encuentroinformativo.com.mx\/index.php?rest_route=\/wp\/v2\/posts\/60283\/revisions\/60285"}],"wp:featuredmedia":[{"embeddable":true,"href":"https:\/\/encuentroinformativo.com.mx\/index.php?rest_route=\/wp\/v2\/media\/60284"}],"wp:attachment":[{"href":"https:\/\/encuentroinformativo.com.mx\/index.php?rest_route=%2Fwp%2Fv2%2Fmedia&parent=60283"}],"wp:term":[{"taxonomy":"category","embeddable":true,"href":"https:\/\/encuentroinformativo.com.mx\/index.php?rest_route=%2Fwp%2Fv2%2Fcategories&post=60283"},{"taxonomy":"post_tag","embeddable":true,"href":"https:\/\/encuentroinformativo.com.mx\/index.php?rest_route=%2Fwp%2Fv2%2Ftags&post=60283"}],"curies":[{"name":"wp","href":"https:\/\/api.w.org\/{rel}","templated":true}]}}