{"id":60289,"date":"2024-11-04T14:30:27","date_gmt":"2024-11-04T20:30:27","guid":{"rendered":"https:\/\/encuentroinformativo.com.mx\/?p=60289"},"modified":"2024-11-04T14:30:32","modified_gmt":"2024-11-04T20:30:32","slug":"respaldara-frente-civico-a-ministros-de-la-suprema-corte","status":"publish","type":"post","link":"https:\/\/encuentroinformativo.com.mx\/?p=60289","title":{"rendered":"Respaldar\u00e1 Frente C\u00edvico a Ministros de la Suprema Corte"},"content":{"rendered":"\n<p><strong>Dar\u00edo Pale<\/strong><\/p>\n\n\n\n<p>Xalapa, Ver.- El integrante del Frente C\u00edvico Nacional, Juan Carlos Krause, se\u00f1al\u00f3 que el d\u00eda de ma\u00f1ana junto con otras organizaciones acudir\u00e1n al Z\u00f3calo de la Ciudad de M\u00e9xico a respaldar a los 8 ministros de la Suprema Corte de Justicia de la Naci\u00f3n.\u00a0<\/p>\n\n\n\n<p>En conferencia de prensa, adem\u00e1s convoc\u00f3 a la ciudadan\u00eda a movilizarse el d\u00eda de ma\u00f1ana para mostrar su apoyo pol\u00edtico y moral a los ministros que decidir\u00e1n sobre el proyecto de sentencia que busca invalidar parcialmente la Reforma Judicial.\u00a0<\/p>\n\n\n\n<p>Y es que opin\u00f3 que este proyecto de sentencia es prudente y democr\u00e1tico, y permitir\u00eda que el pa\u00eds no entre en una ruta an\u00e1rquica.<\/p>\n\n\n\n<p>En este sentido, advirti\u00f3 que si el Poder Ejecutivo no lo acata, entonces se entrar\u00eda a una ruta de quiebre constitucional y con ello se ir\u00edan las\u00a0 inversiones econ\u00f3micas y convenios internacionales.\u00a0<\/p>\n\n\n\n<p>Agreg\u00f3 que se espera que la presidenta Claudia Sheinbaum acate lo que ma\u00f1ana apruebe la Suprema Corte de Justicia de la Naci\u00f3n.\u00a0<\/p>\n\n\n\n<p>En el caso de Xalapa, por \u00faltimo dijo que se convoca a una concentraci\u00f3n en la Plaza Lerdo a las 10:00 horas.<\/p>\n","protected":false},"excerpt":{"rendered":"<p>Dar\u00edo Pale Xalapa, Ver.- El integrante del Frente C\u00edvico Nacional, Juan Carlos Krause, se\u00f1al\u00f3 que el d\u00eda de ma\u00f1ana junto con otras organizaciones acudir\u00e1n al Z\u00f3calo de la Ciudad de M\u00e9xico a respaldar a los 8 ministros de la Suprema Corte de Justicia de la Naci\u00f3n.\u00a0 En conferencia de prensa, adem\u00e1s convoc\u00f3 a la ciudadan\u00eda [&hellip;]<\/p>\n","protected":false},"author":2476,"featured_media":60290,"comment_status":"open","ping_status":"open","sticky":false,"template":"","format":"standard","meta":{"_jetpack_memberships_contains_paid_content":false,"footnotes":""},"categories":[3],"tags":[],"class_list":["post-60289","post","type-post","status-publish","format-standard","has-post-thumbnail","hentry","category-xalapa"],"jetpack_featured_media_url":"https:\/\/encuentroinformativo.com.mx\/wp-content\/uploads\/2024\/11\/IMG-20241104-WA0095.jpg","jetpack_sharing_enabled":true,"jetpack_likes_enabled":true,"amp_enabled":true,"_links":{"self":[{"href":"https:\/\/encuentroinformativo.com.mx\/index.php?rest_route=\/wp\/v2\/posts\/60289","targetHints":{"allow":["GET"]}}],"collection":[{"href":"https:\/\/encuentroinformativo.com.mx\/index.php?rest_route=\/wp\/v2\/posts"}],"about":[{"href":"https:\/\/encuentroinformativo.com.mx\/index.php?rest_route=\/wp\/v2\/types\/post"}],"author":[{"embeddable":true,"href":"https:\/\/encuentroinformativo.com.mx\/index.php?rest_route=\/wp\/v2\/users\/2476"}],"replies":[{"embeddable":true,"href":"https:\/\/encuentroinformativo.com.mx\/index.php?rest_route=%2Fwp%2Fv2%2Fcomments&post=60289"}],"version-history":[{"count":1,"href":"https:\/\/encuentroinformativo.com.mx\/index.php?rest_route=\/wp\/v2\/posts\/60289\/revisions"}],"predecessor-version":[{"id":60291,"href":"https:\/\/encuentroinformativo.com.mx\/index.php?rest_route=\/wp\/v2\/posts\/60289\/revisions\/60291"}],"wp:featuredmedia":[{"embeddable":true,"href":"https:\/\/encuentroinformativo.com.mx\/index.php?rest_route=\/wp\/v2\/media\/60290"}],"wp:attachment":[{"href":"https:\/\/encuentroinformativo.com.mx\/index.php?rest_route=%2Fwp%2Fv2%2Fmedia&parent=60289"}],"wp:term":[{"taxonomy":"category","embeddable":true,"href":"https:\/\/encuentroinformativo.com.mx\/index.php?rest_route=%2Fwp%2Fv2%2Fcategories&post=60289"},{"taxonomy":"post_tag","embeddable":true,"href":"https:\/\/encuentroinformativo.com.mx\/index.php?rest_route=%2Fwp%2Fv2%2Ftags&post=60289"}],"curies":[{"name":"wp","href":"https:\/\/api.w.org\/{rel}","templated":true}]}}