{"id":60295,"date":"2024-11-04T14:40:54","date_gmt":"2024-11-04T20:40:54","guid":{"rendered":"https:\/\/encuentroinformativo.com.mx\/?p=60295"},"modified":"2024-11-04T14:41:00","modified_gmt":"2024-11-04T20:41:00","slug":"bloqueo-por-derrumbe-en-cumbres-de-maltrata-deja-perdidas-incuantificables-canacintra","status":"publish","type":"post","link":"https:\/\/encuentroinformativo.com.mx\/?p=60295","title":{"rendered":"Bloqueo por derrumbe en Cumbres de Maltrata, deja p\u00e9rdidas incuantificables: CANACINTRA"},"content":{"rendered":"\n<p><strong>Dar\u00edo Pale <\/strong><\/p>\n\n\n\n<p>Xalapa, Ver.- Alerta la C\u00e1mara Nacional de la Industria de la Transformaci\u00f3n (CANACINTRA), que debido al derrumbe en las Cumbres de Maltrata, se rompi\u00f3\u00a0 la cadena de suministro de los sectores industrial y empresarial, por lo que las p\u00e9rdidas son incuantificables y la afectaci\u00f3n puede considerarse como una emergencia nacional.<\/p>\n\n\n\n<p>En entrevista el vicepresidente regional Golfo de la C\u00e1mara Nacional de la Industria de la Transformaci\u00f3n (CANACINTRA), Juan Manuel Garc\u00eda Gonz\u00e1lez, inform\u00f3 que el derrumbe\u00a0 en la autopista Orizaba-Puebla-M\u00e9xico en las Cumbres de Maltrata el pasado 26 de octubre ocasion\u00f3 que la cadena de suministro est\u00e9 totalmente rota.<\/p>\n\n\n\n<p>Lo que provoc\u00f3 p\u00e9rdidas econ\u00f3micas incuantificables al sector industrial del estado de Veracruz.<\/p>\n\n\n\n<p>Se\u00f1al\u00f3 que las afectaciones son m\u00faltiples, \u201cno tan solo econ\u00f3micas, es una afectaci\u00f3n tambi\u00e9n en la cadena distributiva, que es lo m\u00e1s grave, porque para empresas\u201d.<\/p>\n\n\n\n<p>Admiti\u00f3 que el problema es serio y espera que pronto se atienda y se mejore la vialidad en esa autopista, que le pongan todo a este asunto, &#8220;porque yo ya fui afectado dos veces por este derrumbe\u201d.<\/p>\n\n\n\n<p>Por \u00faltimo dio a conocer que si de aqu\u00ed al jueves esto no se resuelve, el sector industrial har\u00eda un pronunciamiento al respecto, por las graves repercusiones que est\u00e1 trayendo consigo este derrumbe en una de las principales v\u00edas de comunicaci\u00f3n de la entidad y el pa\u00eds.<\/p>\n","protected":false},"excerpt":{"rendered":"<p>Dar\u00edo Pale Xalapa, Ver.- Alerta la C\u00e1mara Nacional de la Industria de la Transformaci\u00f3n (CANACINTRA), que debido al derrumbe en las Cumbres de Maltrata, se rompi\u00f3\u00a0 la cadena de suministro de los sectores industrial y empresarial, por lo que las p\u00e9rdidas son incuantificables y la afectaci\u00f3n puede considerarse como una emergencia nacional. En entrevista el [&hellip;]<\/p>\n","protected":false},"author":2476,"featured_media":60296,"comment_status":"open","ping_status":"open","sticky":false,"template":"","format":"standard","meta":{"_jetpack_memberships_contains_paid_content":false,"footnotes":""},"categories":[2],"tags":[],"class_list":["post-60295","post","type-post","status-publish","format-standard","has-post-thumbnail","hentry","category-estado"],"jetpack_featured_media_url":"https:\/\/encuentroinformativo.com.mx\/wp-content\/uploads\/2024\/11\/IMG-20241104-WA0102.jpg","jetpack_sharing_enabled":true,"jetpack_likes_enabled":true,"amp_enabled":true,"_links":{"self":[{"href":"https:\/\/encuentroinformativo.com.mx\/index.php?rest_route=\/wp\/v2\/posts\/60295","targetHints":{"allow":["GET"]}}],"collection":[{"href":"https:\/\/encuentroinformativo.com.mx\/index.php?rest_route=\/wp\/v2\/posts"}],"about":[{"href":"https:\/\/encuentroinformativo.com.mx\/index.php?rest_route=\/wp\/v2\/types\/post"}],"author":[{"embeddable":true,"href":"https:\/\/encuentroinformativo.com.mx\/index.php?rest_route=\/wp\/v2\/users\/2476"}],"replies":[{"embeddable":true,"href":"https:\/\/encuentroinformativo.com.mx\/index.php?rest_route=%2Fwp%2Fv2%2Fcomments&post=60295"}],"version-history":[{"count":1,"href":"https:\/\/encuentroinformativo.com.mx\/index.php?rest_route=\/wp\/v2\/posts\/60295\/revisions"}],"predecessor-version":[{"id":60297,"href":"https:\/\/encuentroinformativo.com.mx\/index.php?rest_route=\/wp\/v2\/posts\/60295\/revisions\/60297"}],"wp:featuredmedia":[{"embeddable":true,"href":"https:\/\/encuentroinformativo.com.mx\/index.php?rest_route=\/wp\/v2\/media\/60296"}],"wp:attachment":[{"href":"https:\/\/encuentroinformativo.com.mx\/index.php?rest_route=%2Fwp%2Fv2%2Fmedia&parent=60295"}],"wp:term":[{"taxonomy":"category","embeddable":true,"href":"https:\/\/encuentroinformativo.com.mx\/index.php?rest_route=%2Fwp%2Fv2%2Fcategories&post=60295"},{"taxonomy":"post_tag","embeddable":true,"href":"https:\/\/encuentroinformativo.com.mx\/index.php?rest_route=%2Fwp%2Fv2%2Ftags&post=60295"}],"curies":[{"name":"wp","href":"https:\/\/api.w.org\/{rel}","templated":true}]}}