{"id":60306,"date":"2024-11-05T11:49:31","date_gmt":"2024-11-05T17:49:31","guid":{"rendered":"https:\/\/encuentroinformativo.com.mx\/?p=60306"},"modified":"2024-11-05T11:49:36","modified_gmt":"2024-11-05T17:49:36","slug":"con-protesta-en-plaza-lerdo-respaldan-al-poder-judicial","status":"publish","type":"post","link":"https:\/\/encuentroinformativo.com.mx\/?p=60306","title":{"rendered":"Con protesta en Plaza Lerdo respaldan al Poder Judicial"},"content":{"rendered":"\n<p><strong>Dar\u00edo Pale<\/strong><\/p>\n\n\n\n<p>Xalapa, Ver.- Nilda Ria\u00f1o Rodr\u00edguez integrante de Poder Ciudadano A.C., dio a conocer que, hoy es un d\u00eda muy importante para M\u00e9xico ya que se decide el futuro del pa\u00eds de una democracia, o de una dictadura o de un gobierno autoritario por lo cual se manifiestan en apoyo al Poder Judicial.<\/p>\n\n\n\n<p>Entrevistada durante la manifestaci\u00f3n en la plaza Lerdo dijo que est\u00e1n en apoyo a la Suprema Corte de Justicia de la Naci\u00f3n (SCJN), ya que hoy califica la sentencia sobre si la reforma al PJF se implementar\u00e1 o no.<\/p>\n\n\n\n<p>\u201cEstamos apoyando a la Suprema Corte porque no queremos que se haga la reforma al poder judicial, perjudicar\u00eda much\u00edsimo a todos los mexicanos, a la econom\u00eda y a la democracia del pa\u00eds, \u2026, es un movimiento que se est\u00e1 llevando a cabo en todo el pa\u00eds\u201d, se\u00f1al\u00f3.<\/p>\n\n\n\n<p>Coment\u00f3 que a las 11 de la ma\u00f1ana van a proyectar en una pantalla la sesi\u00f3n de la SCJN donde dar\u00e1n la sentencia sobre la reforma al poder judicial.<\/p>\n\n\n\n<p>Dijo que el ejecutivo debe de pensar muy bien qu\u00e9 har\u00e1 si la SCJN vota en contra de la reforma\u00a0 ya que tiene que respetar las leyes y el derecho internacional ya que de lo contrario traer\u00eda consecuencias muy graves de todos los pa\u00edses sobre todo de EU y Canad\u00e1.<\/p>\n\n\n\n<p>Dio a conocer que el pr\u00f3ximo domingo hay una movilizaci\u00f3n pero a\u00fan est\u00e1n a la espera de confirmar la fecha ya que depender\u00e1 de la respuesta del gobierno\u00a0 a la resoluci\u00f3n de la SCJN la cual ser\u00e1 favorable para el PJF, ya que est\u00e1 para proteger a la ciudadan\u00eda.<\/p>\n\n\n\n<figure class=\"wp-block-image size-large\"><img loading=\"lazy\" decoding=\"async\" width=\"1024\" height=\"576\" src=\"https:\/\/encuentroinformativo.com.mx\/wp-content\/uploads\/2024\/11\/1000417657-1024x576.jpg\" alt=\"\" class=\"wp-image-60308\" srcset=\"https:\/\/encuentroinformativo.com.mx\/wp-content\/uploads\/2024\/11\/1000417657-1024x576.jpg 1024w, https:\/\/encuentroinformativo.com.mx\/wp-content\/uploads\/2024\/11\/1000417657-300x169.jpg 300w, https:\/\/encuentroinformativo.com.mx\/wp-content\/uploads\/2024\/11\/1000417657-768x432.jpg 768w, https:\/\/encuentroinformativo.com.mx\/wp-content\/uploads\/2024\/11\/1000417657-1536x864.jpg 1536w, https:\/\/encuentroinformativo.com.mx\/wp-content\/uploads\/2024\/11\/1000417657.jpg 1599w\" sizes=\"auto, (max-width: 1024px) 100vw, 1024px\" \/><\/figure>\n","protected":false},"excerpt":{"rendered":"<p>Dar\u00edo Pale Xalapa, Ver.- Nilda Ria\u00f1o Rodr\u00edguez integrante de Poder Ciudadano A.C., dio a conocer que, hoy es un d\u00eda muy importante para M\u00e9xico ya que se decide el futuro del pa\u00eds de una democracia, o de una dictadura o de un gobierno autoritario por lo cual se manifiestan en apoyo al Poder Judicial. Entrevistada [&hellip;]<\/p>\n","protected":false},"author":2476,"featured_media":60307,"comment_status":"open","ping_status":"open","sticky":false,"template":"","format":"standard","meta":{"_jetpack_memberships_contains_paid_content":false,"footnotes":""},"categories":[3],"tags":[],"class_list":["post-60306","post","type-post","status-publish","format-standard","has-post-thumbnail","hentry","category-xalapa"],"jetpack_featured_media_url":"https:\/\/encuentroinformativo.com.mx\/wp-content\/uploads\/2024\/11\/IMG-20241105-WA0007.jpg","jetpack_sharing_enabled":true,"jetpack_likes_enabled":true,"amp_enabled":true,"_links":{"self":[{"href":"https:\/\/encuentroinformativo.com.mx\/index.php?rest_route=\/wp\/v2\/posts\/60306","targetHints":{"allow":["GET"]}}],"collection":[{"href":"https:\/\/encuentroinformativo.com.mx\/index.php?rest_route=\/wp\/v2\/posts"}],"about":[{"href":"https:\/\/encuentroinformativo.com.mx\/index.php?rest_route=\/wp\/v2\/types\/post"}],"author":[{"embeddable":true,"href":"https:\/\/encuentroinformativo.com.mx\/index.php?rest_route=\/wp\/v2\/users\/2476"}],"replies":[{"embeddable":true,"href":"https:\/\/encuentroinformativo.com.mx\/index.php?rest_route=%2Fwp%2Fv2%2Fcomments&post=60306"}],"version-history":[{"count":1,"href":"https:\/\/encuentroinformativo.com.mx\/index.php?rest_route=\/wp\/v2\/posts\/60306\/revisions"}],"predecessor-version":[{"id":60309,"href":"https:\/\/encuentroinformativo.com.mx\/index.php?rest_route=\/wp\/v2\/posts\/60306\/revisions\/60309"}],"wp:featuredmedia":[{"embeddable":true,"href":"https:\/\/encuentroinformativo.com.mx\/index.php?rest_route=\/wp\/v2\/media\/60307"}],"wp:attachment":[{"href":"https:\/\/encuentroinformativo.com.mx\/index.php?rest_route=%2Fwp%2Fv2%2Fmedia&parent=60306"}],"wp:term":[{"taxonomy":"category","embeddable":true,"href":"https:\/\/encuentroinformativo.com.mx\/index.php?rest_route=%2Fwp%2Fv2%2Fcategories&post=60306"},{"taxonomy":"post_tag","embeddable":true,"href":"https:\/\/encuentroinformativo.com.mx\/index.php?rest_route=%2Fwp%2Fv2%2Ftags&post=60306"}],"curies":[{"name":"wp","href":"https:\/\/api.w.org\/{rel}","templated":true}]}}