{"id":60319,"date":"2024-11-05T12:58:20","date_gmt":"2024-11-05T18:58:20","guid":{"rendered":"https:\/\/encuentroinformativo.com.mx\/?p=60319"},"modified":"2024-11-05T12:58:26","modified_gmt":"2024-11-05T18:58:26","slug":"se-combatira-desercion-escolar-claudia-tello","status":"publish","type":"post","link":"https:\/\/encuentroinformativo.com.mx\/?p=60319","title":{"rendered":"Se combatir\u00e1 deserci\u00f3n escolar: Claudia Tello"},"content":{"rendered":"\n<p><strong>Dar\u00edo Pale <\/strong><\/p>\n\n\n\n<p>Xalapa, Ver.- Priorizar\u00e1 atenci\u00f3n a escuelas y docentes en la Secretar\u00eda de Educaci\u00f3n de Veracruz (SEV), solicitar\u00e1 licencia a partir del 20 de noviembre para poder tomar el cargo como titular de dicha dependencia, as\u00ed lo dio a conocer la senadora Claudia Tello.<\/p>\n\n\n\n<p>En entrevista anunci\u00f3 que en los pr\u00f3ximos d\u00edas solicitar\u00e1 licencia a su cargo en la C\u00e1mara alta para trasladarse a Veracruz, donde asumir\u00e1 el puesto de Secretaria de Educaci\u00f3n del Estado, asignaci\u00f3n realizada por la gobernadora electa, Roc\u00edo Nahle.<\/p>\n\n\n\n<p>\u201cEn unos d\u00edas m\u00e1s, yo creo que por el d\u00eda 20 o veintitantos ya estaremos por aqu\u00ed\u201d, inform\u00f3.<\/p>\n\n\n\n<p>Como parte de sus prioridades, asegur\u00f3 que se enfocar\u00e1 en atender cada uno de los casos de escuelas y maestros que se han manifestado en el estado, comprometi\u00e9ndose a revisar cada situaci\u00f3n para ofrecer soluciones concretas.<\/p>\n\n\n\n<p>Tello mencion\u00f3 cinco l\u00edneas de acci\u00f3n para su pr\u00f3xima gesti\u00f3n: mantener la austeridad republicana, reducir la deserci\u00f3n escolar, combatir el analfabetismo, garantizar becas para todos los estudiantes y seguir el camino de la transformaci\u00f3n con las propuestas de Claudia Sheinbaum y Roc\u00edo Nahle.<\/p>\n\n\n\n<p>Respecto a la asignaci\u00f3n de plazas docentes, Tello se\u00f1al\u00f3 que el proceso federal actual, administrado por el USICAMM, continuar\u00e1 en marcha mientras no se presente una nueva propuesta.\u00a0<\/p>\n\n\n\n<p>\u201cVamos a estar cuidando que los derechos de todos los maestros y las maestras sean respetados\u201d, afirm\u00f3.<\/p>\n\n\n\n<p>En relaci\u00f3n con los maestros que se han manifestado, la senadora hizo un llamado a los sindicatos para priorizar el di\u00e1logo y la concertaci\u00f3n, en lugar de ocupar instalaciones de la Secretar\u00eda de Educaci\u00f3n o de las escuelas, enfatizando que los mayores afectados en estos casos son los estudiantes.<\/p>\n\n\n\n<p>\u201cEllos no tienen por qu\u00e9 un solo d\u00eda dejar de trabajar en sus aulas, ellos tienen el derecho de tener educaci\u00f3n y los adultos tenemos que cumplirla\u201d, coment\u00f3.<\/p>\n\n\n\n<p>Por \u00faltimo Tello subray\u00f3 que su administraci\u00f3n en la SEV ser\u00e1 de puertas abiertas y reiter\u00f3 su compromiso de atender las necesidades de la comunidad educativa veracruzana.<\/p>\n","protected":false},"excerpt":{"rendered":"<p>Dar\u00edo Pale Xalapa, Ver.- Priorizar\u00e1 atenci\u00f3n a escuelas y docentes en la Secretar\u00eda de Educaci\u00f3n de Veracruz (SEV), solicitar\u00e1 licencia a partir del 20 de noviembre para poder tomar el cargo como titular de dicha dependencia, as\u00ed lo dio a conocer la senadora Claudia Tello. En entrevista anunci\u00f3 que en los pr\u00f3ximos d\u00edas solicitar\u00e1 licencia [&hellip;]<\/p>\n","protected":false},"author":2476,"featured_media":60320,"comment_status":"open","ping_status":"open","sticky":false,"template":"","format":"standard","meta":{"_jetpack_memberships_contains_paid_content":false,"footnotes":""},"categories":[2],"tags":[],"class_list":["post-60319","post","type-post","status-publish","format-standard","has-post-thumbnail","hentry","category-estado"],"jetpack_featured_media_url":"https:\/\/encuentroinformativo.com.mx\/wp-content\/uploads\/2024\/11\/IMG-20241105-WA0038.jpg","jetpack_sharing_enabled":true,"jetpack_likes_enabled":true,"amp_enabled":true,"_links":{"self":[{"href":"https:\/\/encuentroinformativo.com.mx\/index.php?rest_route=\/wp\/v2\/posts\/60319","targetHints":{"allow":["GET"]}}],"collection":[{"href":"https:\/\/encuentroinformativo.com.mx\/index.php?rest_route=\/wp\/v2\/posts"}],"about":[{"href":"https:\/\/encuentroinformativo.com.mx\/index.php?rest_route=\/wp\/v2\/types\/post"}],"author":[{"embeddable":true,"href":"https:\/\/encuentroinformativo.com.mx\/index.php?rest_route=\/wp\/v2\/users\/2476"}],"replies":[{"embeddable":true,"href":"https:\/\/encuentroinformativo.com.mx\/index.php?rest_route=%2Fwp%2Fv2%2Fcomments&post=60319"}],"version-history":[{"count":1,"href":"https:\/\/encuentroinformativo.com.mx\/index.php?rest_route=\/wp\/v2\/posts\/60319\/revisions"}],"predecessor-version":[{"id":60321,"href":"https:\/\/encuentroinformativo.com.mx\/index.php?rest_route=\/wp\/v2\/posts\/60319\/revisions\/60321"}],"wp:featuredmedia":[{"embeddable":true,"href":"https:\/\/encuentroinformativo.com.mx\/index.php?rest_route=\/wp\/v2\/media\/60320"}],"wp:attachment":[{"href":"https:\/\/encuentroinformativo.com.mx\/index.php?rest_route=%2Fwp%2Fv2%2Fmedia&parent=60319"}],"wp:term":[{"taxonomy":"category","embeddable":true,"href":"https:\/\/encuentroinformativo.com.mx\/index.php?rest_route=%2Fwp%2Fv2%2Fcategories&post=60319"},{"taxonomy":"post_tag","embeddable":true,"href":"https:\/\/encuentroinformativo.com.mx\/index.php?rest_route=%2Fwp%2Fv2%2Ftags&post=60319"}],"curies":[{"name":"wp","href":"https:\/\/api.w.org\/{rel}","templated":true}]}}