{"id":60325,"date":"2024-11-05T13:06:50","date_gmt":"2024-11-05T19:06:50","guid":{"rendered":"https:\/\/encuentroinformativo.com.mx\/?p=60325"},"modified":"2024-11-05T13:06:55","modified_gmt":"2024-11-05T19:06:55","slug":"confian-que-congreso-mantendra-pluralidad","status":"publish","type":"post","link":"https:\/\/encuentroinformativo.com.mx\/?p=60325","title":{"rendered":"Conf\u00edan que Congreso mantendr\u00e1 pluralidad"},"content":{"rendered":"\n<p><strong>Dar\u00edo Pale <\/strong><\/p>\n\n\n\n<p>Xalapa, Ver.- Su deseo es de que en este nuevo periodo legislativo se promueva la pluralidad, la apertura y el di\u00e1logo, escuchando a todas las voces, as\u00ed lo dio a conocer Fernando Yunes M\u00e1rquez quien tom\u00f3 protesta como diputado local del PAN en la LXVII Legislatura del Estado de Veracruz.<\/p>\n\n\n\n<p>En entrevista reconoci\u00f3 que Morena cuenta con mayor\u00eda en el Congreso, pero subray\u00f3 que la minor\u00eda tambi\u00e9n representa a miles de veracruzanos que eligieron una opci\u00f3n distinta en las pasadas elecciones. &#8220;Nos debemos a ellos&#8221;, destac\u00f3.<\/p>\n\n\n\n<p>El legislador conf\u00eda en que las propuestas de la oposici\u00f3n no se queden sin atenci\u00f3n y se\u00f1al\u00f3 que, con un nuevo titular en la Junta de Coordinaci\u00f3n Pol\u00edtica, espera que se revisen tanto iniciativas nuevas como aquellas que quedaron pendientes en anteriores legislaturas.<\/p>\n\n\n\n<p>\u201cDebemos trabajar en conjunto. Presentaremos nuestras propuestas con los diputados del PAN, posiblemente la pr\u00f3xima semana, en la agenda legislativa\u201d, adelant\u00f3.<\/p>\n\n\n\n<p>Yunes coment\u00f3 que en la pasada Legislatura se perdi\u00f3 el di\u00e1logo y espera que en esta se d\u00e9 voz a todos los diputados, sin importar la mayor\u00eda de un partido.\u00a0<\/p>\n\n\n\n<p>&#8220;El resto de los diputados tambi\u00e9n tenemos derecho a ser escuchados y a que nuestras propuestas sean consideradas\u201d, concluy\u00f3.<\/p>\n\n\n\n<p>Por \u00faltimo, dijo que permanecer\u00e1 en la bancada del PAN pues no se cambiar\u00e1 a ninguna otra y precis\u00f3 que se siente tranquilo dado que no existe ning\u00fan tema legal que atender.<\/p>\n","protected":false},"excerpt":{"rendered":"<p>Dar\u00edo Pale Xalapa, Ver.- Su deseo es de que en este nuevo periodo legislativo se promueva la pluralidad, la apertura y el di\u00e1logo, escuchando a todas las voces, as\u00ed lo dio a conocer Fernando Yunes M\u00e1rquez quien tom\u00f3 protesta como diputado local del PAN en la LXVII Legislatura del Estado de Veracruz. En entrevista reconoci\u00f3 [&hellip;]<\/p>\n","protected":false},"author":2476,"featured_media":60326,"comment_status":"open","ping_status":"open","sticky":false,"template":"","format":"standard","meta":{"_jetpack_memberships_contains_paid_content":false,"footnotes":""},"categories":[2],"tags":[],"class_list":["post-60325","post","type-post","status-publish","format-standard","has-post-thumbnail","hentry","category-estado"],"jetpack_featured_media_url":"https:\/\/encuentroinformativo.com.mx\/wp-content\/uploads\/2024\/11\/IMG-20241105-WA00432.jpg","jetpack_sharing_enabled":true,"jetpack_likes_enabled":true,"amp_enabled":true,"_links":{"self":[{"href":"https:\/\/encuentroinformativo.com.mx\/index.php?rest_route=\/wp\/v2\/posts\/60325","targetHints":{"allow":["GET"]}}],"collection":[{"href":"https:\/\/encuentroinformativo.com.mx\/index.php?rest_route=\/wp\/v2\/posts"}],"about":[{"href":"https:\/\/encuentroinformativo.com.mx\/index.php?rest_route=\/wp\/v2\/types\/post"}],"author":[{"embeddable":true,"href":"https:\/\/encuentroinformativo.com.mx\/index.php?rest_route=\/wp\/v2\/users\/2476"}],"replies":[{"embeddable":true,"href":"https:\/\/encuentroinformativo.com.mx\/index.php?rest_route=%2Fwp%2Fv2%2Fcomments&post=60325"}],"version-history":[{"count":1,"href":"https:\/\/encuentroinformativo.com.mx\/index.php?rest_route=\/wp\/v2\/posts\/60325\/revisions"}],"predecessor-version":[{"id":60327,"href":"https:\/\/encuentroinformativo.com.mx\/index.php?rest_route=\/wp\/v2\/posts\/60325\/revisions\/60327"}],"wp:featuredmedia":[{"embeddable":true,"href":"https:\/\/encuentroinformativo.com.mx\/index.php?rest_route=\/wp\/v2\/media\/60326"}],"wp:attachment":[{"href":"https:\/\/encuentroinformativo.com.mx\/index.php?rest_route=%2Fwp%2Fv2%2Fmedia&parent=60325"}],"wp:term":[{"taxonomy":"category","embeddable":true,"href":"https:\/\/encuentroinformativo.com.mx\/index.php?rest_route=%2Fwp%2Fv2%2Fcategories&post=60325"},{"taxonomy":"post_tag","embeddable":true,"href":"https:\/\/encuentroinformativo.com.mx\/index.php?rest_route=%2Fwp%2Fv2%2Ftags&post=60325"}],"curies":[{"name":"wp","href":"https:\/\/api.w.org\/{rel}","templated":true}]}}