{"id":60331,"date":"2024-11-05T14:03:51","date_gmt":"2024-11-05T20:03:51","guid":{"rendered":"https:\/\/encuentroinformativo.com.mx\/?p=60331"},"modified":"2024-11-05T14:03:55","modified_gmt":"2024-11-05T20:03:55","slug":"buscara-polo-deschamps-alcaldia-de-alvarado","status":"publish","type":"post","link":"https:\/\/encuentroinformativo.com.mx\/?p=60331","title":{"rendered":"Buscar\u00e1 Polo Deschamps alcaldia de Alvarado"},"content":{"rendered":"\n<p><strong>Dar\u00edo Pale <\/strong><\/p>\n\n\n\n<p>Xalapa, Ver.- Polo Deschamps anunci\u00f3 que buscar\u00e1 la alcald\u00eda de Alvarado por Movimiento Ciudadano, fue candidato a la gubernatura, por dicho partido y hoy confirm\u00f3 que competir\u00e1 por la presidencia municipal.<\/p>\n\n\n\n<p>En entrevista se\u00f1al\u00f3 que, &#8220;ya llevamos m\u00e1s de tres a\u00f1os recorriendo Alvarado. Yo no hago campa\u00f1a solo cuando hay elecciones; siempre estoy en contacto con la gente y conozco la realidad&#8221;.<\/p>\n\n\n\n<p>Deschamps se mostr\u00f3 preparado para la contienda del pr\u00f3ximo a\u00f1o y se\u00f1al\u00f3 que ha identificado varias deficiencias en el municipio que, seg\u00fan \u00e9l, necesita cambiar.<\/p>\n\n\n\n<p>&#8220;Hay muchas deficiencias en Alvarado que es lo que yo estoy viendo y eso tiene que cambiar&#8221;.<\/p>\n\n\n\n<p>Sobre el gobierno actual de Alvarado, liderado por la alcaldesa Lizzete \u00c1lvarez Vega, lo calific\u00f3 como &#8220;un desastre&#8221;.<\/p>\n","protected":false},"excerpt":{"rendered":"<p>Dar\u00edo Pale Xalapa, Ver.- Polo Deschamps anunci\u00f3 que buscar\u00e1 la alcald\u00eda de Alvarado por Movimiento Ciudadano, fue candidato a la gubernatura, por dicho partido y hoy confirm\u00f3 que competir\u00e1 por la presidencia municipal. En entrevista se\u00f1al\u00f3 que, &#8220;ya llevamos m\u00e1s de tres a\u00f1os recorriendo Alvarado. Yo no hago campa\u00f1a solo cuando hay elecciones; siempre estoy [&hellip;]<\/p>\n","protected":false},"author":2476,"featured_media":60333,"comment_status":"open","ping_status":"open","sticky":false,"template":"","format":"standard","meta":{"_jetpack_memberships_contains_paid_content":false,"footnotes":""},"categories":[2],"tags":[],"class_list":["post-60331","post","type-post","status-publish","format-standard","has-post-thumbnail","hentry","category-estado"],"jetpack_featured_media_url":"https:\/\/encuentroinformativo.com.mx\/wp-content\/uploads\/2024\/11\/IMG-20241105-WA0072-1.jpg","jetpack_sharing_enabled":true,"jetpack_likes_enabled":true,"amp_enabled":true,"_links":{"self":[{"href":"https:\/\/encuentroinformativo.com.mx\/index.php?rest_route=\/wp\/v2\/posts\/60331","targetHints":{"allow":["GET"]}}],"collection":[{"href":"https:\/\/encuentroinformativo.com.mx\/index.php?rest_route=\/wp\/v2\/posts"}],"about":[{"href":"https:\/\/encuentroinformativo.com.mx\/index.php?rest_route=\/wp\/v2\/types\/post"}],"author":[{"embeddable":true,"href":"https:\/\/encuentroinformativo.com.mx\/index.php?rest_route=\/wp\/v2\/users\/2476"}],"replies":[{"embeddable":true,"href":"https:\/\/encuentroinformativo.com.mx\/index.php?rest_route=%2Fwp%2Fv2%2Fcomments&post=60331"}],"version-history":[{"count":1,"href":"https:\/\/encuentroinformativo.com.mx\/index.php?rest_route=\/wp\/v2\/posts\/60331\/revisions"}],"predecessor-version":[{"id":60334,"href":"https:\/\/encuentroinformativo.com.mx\/index.php?rest_route=\/wp\/v2\/posts\/60331\/revisions\/60334"}],"wp:featuredmedia":[{"embeddable":true,"href":"https:\/\/encuentroinformativo.com.mx\/index.php?rest_route=\/wp\/v2\/media\/60333"}],"wp:attachment":[{"href":"https:\/\/encuentroinformativo.com.mx\/index.php?rest_route=%2Fwp%2Fv2%2Fmedia&parent=60331"}],"wp:term":[{"taxonomy":"category","embeddable":true,"href":"https:\/\/encuentroinformativo.com.mx\/index.php?rest_route=%2Fwp%2Fv2%2Fcategories&post=60331"},{"taxonomy":"post_tag","embeddable":true,"href":"https:\/\/encuentroinformativo.com.mx\/index.php?rest_route=%2Fwp%2Fv2%2Ftags&post=60331"}],"curies":[{"name":"wp","href":"https:\/\/api.w.org\/{rel}","templated":true}]}}