{"id":60335,"date":"2024-11-05T14:09:55","date_gmt":"2024-11-05T20:09:55","guid":{"rendered":"https:\/\/encuentroinformativo.com.mx\/?p=60335"},"modified":"2024-11-05T14:10:01","modified_gmt":"2024-11-05T20:10:01","slug":"intentara-pri-conformar-grupo-mixto-en-legislatura","status":"publish","type":"post","link":"https:\/\/encuentroinformativo.com.mx\/?p=60335","title":{"rendered":"Intentar\u00e1 PRI conformar grupo mixto en Legislatura"},"content":{"rendered":"\n<p><strong>Dar\u00edo Pale <\/strong><\/p>\n\n\n\n<p>Xalapa, Ver.- El Presidente del Comit\u00e9 Directivo Estatal del Partido Revolucionario Institucional (PRI), Adolfo Ram\u00edrez Arana, inform\u00f3 que los diputados de su partido buscar\u00e1n crear un grupo mixto, el cual tendr\u00e1 como coordinador al diputado H\u00e9ctor Yunes Landa.<\/p>\n\n\n\n<p>En entrevista, dijo que los diputados del tricolor tienen la experiencia, las ganas y vigilar\u00e1n el recurso de los veracruzanos y a la vez ser\u00e1n cr\u00edticos y responsables activamente en la tribuna.\u00a0<\/p>\n\n\n\n<p>Asimismo se\u00f1al\u00f3 que tienen garantizado un espacio en la Junta de Coordinaci\u00f3n Pol\u00edtica, pues la oposici\u00f3n tendr\u00e1 voz y voto en la LXVII Legislatura.\u00a0<\/p>\n\n\n\n<p>Tambi\u00e9n expres\u00f3 que aunque se forme bancada, Morena tiene la mayor\u00eda aplastante y sobrerepresentaci\u00f3n en el Congreso y lo que le queda a la oposici\u00f3n es se\u00f1alar faltas y que se entere la gente.\u00a0<\/p>\n\n\n\n<p>Y es que advirti\u00f3 que no habr\u00e1 votaci\u00f3n de la oposici\u00f3n en la cual se le pueda ganar al Movimiento de Regeneraci\u00f3n Nacional (Morena).<\/p>\n\n\n\n<p>Finalmente, sostuvo que cualquier comisi\u00f3n es importante para legislar, &#8220;iniciamos como legisladores y ser\u00e1 con \u00e9tica y en beneficio de los veracruzanos&#8221;.<\/p>\n","protected":false},"excerpt":{"rendered":"<p>Dar\u00edo Pale Xalapa, Ver.- El Presidente del Comit\u00e9 Directivo Estatal del Partido Revolucionario Institucional (PRI), Adolfo Ram\u00edrez Arana, inform\u00f3 que los diputados de su partido buscar\u00e1n crear un grupo mixto, el cual tendr\u00e1 como coordinador al diputado H\u00e9ctor Yunes Landa. En entrevista, dijo que los diputados del tricolor tienen la experiencia, las ganas y vigilar\u00e1n [&hellip;]<\/p>\n","protected":false},"author":2476,"featured_media":60336,"comment_status":"open","ping_status":"open","sticky":false,"template":"","format":"standard","meta":{"_jetpack_memberships_contains_paid_content":false,"footnotes":""},"categories":[2],"tags":[],"class_list":["post-60335","post","type-post","status-publish","format-standard","has-post-thumbnail","hentry","category-estado"],"jetpack_featured_media_url":"https:\/\/encuentroinformativo.com.mx\/wp-content\/uploads\/2024\/11\/IMG-20241105-WA0061.jpg","jetpack_sharing_enabled":true,"jetpack_likes_enabled":true,"amp_enabled":true,"_links":{"self":[{"href":"https:\/\/encuentroinformativo.com.mx\/index.php?rest_route=\/wp\/v2\/posts\/60335","targetHints":{"allow":["GET"]}}],"collection":[{"href":"https:\/\/encuentroinformativo.com.mx\/index.php?rest_route=\/wp\/v2\/posts"}],"about":[{"href":"https:\/\/encuentroinformativo.com.mx\/index.php?rest_route=\/wp\/v2\/types\/post"}],"author":[{"embeddable":true,"href":"https:\/\/encuentroinformativo.com.mx\/index.php?rest_route=\/wp\/v2\/users\/2476"}],"replies":[{"embeddable":true,"href":"https:\/\/encuentroinformativo.com.mx\/index.php?rest_route=%2Fwp%2Fv2%2Fcomments&post=60335"}],"version-history":[{"count":1,"href":"https:\/\/encuentroinformativo.com.mx\/index.php?rest_route=\/wp\/v2\/posts\/60335\/revisions"}],"predecessor-version":[{"id":60337,"href":"https:\/\/encuentroinformativo.com.mx\/index.php?rest_route=\/wp\/v2\/posts\/60335\/revisions\/60337"}],"wp:featuredmedia":[{"embeddable":true,"href":"https:\/\/encuentroinformativo.com.mx\/index.php?rest_route=\/wp\/v2\/media\/60336"}],"wp:attachment":[{"href":"https:\/\/encuentroinformativo.com.mx\/index.php?rest_route=%2Fwp%2Fv2%2Fmedia&parent=60335"}],"wp:term":[{"taxonomy":"category","embeddable":true,"href":"https:\/\/encuentroinformativo.com.mx\/index.php?rest_route=%2Fwp%2Fv2%2Fcategories&post=60335"},{"taxonomy":"post_tag","embeddable":true,"href":"https:\/\/encuentroinformativo.com.mx\/index.php?rest_route=%2Fwp%2Fv2%2Ftags&post=60335"}],"curies":[{"name":"wp","href":"https:\/\/api.w.org\/{rel}","templated":true}]}}