{"id":60338,"date":"2024-11-05T14:13:22","date_gmt":"2024-11-05T20:13:22","guid":{"rendered":"https:\/\/encuentroinformativo.com.mx\/?p=60338"},"modified":"2024-11-05T14:13:26","modified_gmt":"2024-11-05T20:13:26","slug":"union-de-clubes-de-taekwondo-veracruz-realizara-el-seminario-formando-campeones-2024","status":"publish","type":"post","link":"https:\/\/encuentroinformativo.com.mx\/?p=60338","title":{"rendered":"Uni\u00f3n de Clubes de Taekwondo Veracruz realizar\u00e1 el Seminario \u201cFormando Campeones 2024\u201d"},"content":{"rendered":"\n<p><strong>Alejandro \u00c1vila<\/strong><\/p>\n\n\n\n<p>Veracruz, Ver.- La Uni\u00f3n de Clubes Competitivos de Taekwondo de Veracruz realizar\u00e1 el Seminario \u201cFormando Campeones\u201d del 22 al 24 de noviembre en la capital del estado.<\/p>\n\n\n\n<p>Durante tres d\u00edas se brindar\u00e1 esta actualizaci\u00f3n a la comunidad artemarcialista veracruzana en entrenamiento y combate de taekwondo, en el que participar\u00e1n destacados ponentes de talla nacional e internacional.<\/p>\n\n\n\n<p>Este magistral Seminario \u201cFormando Campeones\u201d contar\u00e1 con la presencia del coach internacional, Philippe Pinerd; del exseleccionado mexicano Dami\u00e1n Villa; del exol\u00edmpico azteca Carlos Navarro, el coach Carlos Cort\u00e9s; la entrenadora cubana Gletechen Jim\u00e9nez y los destacados taekwondo\u00ednes nacionales Dami\u00e1n y Guillermo Cort\u00e9s.<\/p>\n\n\n\n<p>Este Seminario \u201cFormando Campeones\u201d cuenta con el aval y reconocimiento de la Federaci\u00f3n Mexicana de Taekwondo y est\u00e1 dirigido a entrenadores, aspirantes a entrenadores, alumnos cintas: azules, rojas, marrones y negras de 10 a\u00f1os en adelante.<\/p>\n\n\n\n<p>El Seminario \u201cFormando Campeones 2024\u201d tendr\u00e1 como escenarios sedes: la Universidad de Xalapa (22 de noviembre) y el Gimnasio Omega (23 y 24 de noviembre) respectivamente.<\/p>\n\n\n\n<p>Las sesiones transformar\u00e1n y ampliar\u00e1n el repertorio competitivo y sistemas de ense\u00f1anza, as\u00ed como de aprendizaje en los participantes; se brindar\u00e1n fundamentos fisiol\u00f3gicos y metodol\u00f3gicos.<\/p>\n\n\n\n<p>Asistentes (participantes) podr\u00e1n entrenar y disfrutar de la exhibici\u00f3n de combates y enfrentamientos junto a los campeones m\u00e1s destacados de Am\u00e9rica.<\/p>\n\n\n\n<p>La fecha l\u00edmite de pre-inscripci\u00f3n al Seminario \u201cFormando Campeones 2024\u201d ser\u00e1 este 20 de noviembre, mayores informes dirigirse entrenadores y\/o alumnos con sus maestros de Dojang o bien v\u00eda email al: ucctkdeventos@gmail.com<\/p>\n","protected":false},"excerpt":{"rendered":"<p>Alejandro \u00c1vila Veracruz, Ver.- La Uni\u00f3n de Clubes Competitivos de Taekwondo de Veracruz realizar\u00e1 el Seminario \u201cFormando Campeones\u201d del 22 al 24 de noviembre en la capital del estado. Durante tres d\u00edas se brindar\u00e1 esta actualizaci\u00f3n a la comunidad artemarcialista veracruzana en entrenamiento y combate de taekwondo, en el que participar\u00e1n destacados ponentes de talla [&hellip;]<\/p>\n","protected":false},"author":2476,"featured_media":60339,"comment_status":"open","ping_status":"open","sticky":false,"template":"","format":"standard","meta":{"_jetpack_memberships_contains_paid_content":false,"footnotes":""},"categories":[2],"tags":[],"class_list":["post-60338","post","type-post","status-publish","format-standard","has-post-thumbnail","hentry","category-estado"],"jetpack_featured_media_url":"https:\/\/encuentroinformativo.com.mx\/wp-content\/uploads\/2024\/11\/IMG-20241105-WA0074.jpg","jetpack_sharing_enabled":true,"jetpack_likes_enabled":true,"amp_enabled":true,"_links":{"self":[{"href":"https:\/\/encuentroinformativo.com.mx\/index.php?rest_route=\/wp\/v2\/posts\/60338","targetHints":{"allow":["GET"]}}],"collection":[{"href":"https:\/\/encuentroinformativo.com.mx\/index.php?rest_route=\/wp\/v2\/posts"}],"about":[{"href":"https:\/\/encuentroinformativo.com.mx\/index.php?rest_route=\/wp\/v2\/types\/post"}],"author":[{"embeddable":true,"href":"https:\/\/encuentroinformativo.com.mx\/index.php?rest_route=\/wp\/v2\/users\/2476"}],"replies":[{"embeddable":true,"href":"https:\/\/encuentroinformativo.com.mx\/index.php?rest_route=%2Fwp%2Fv2%2Fcomments&post=60338"}],"version-history":[{"count":1,"href":"https:\/\/encuentroinformativo.com.mx\/index.php?rest_route=\/wp\/v2\/posts\/60338\/revisions"}],"predecessor-version":[{"id":60340,"href":"https:\/\/encuentroinformativo.com.mx\/index.php?rest_route=\/wp\/v2\/posts\/60338\/revisions\/60340"}],"wp:featuredmedia":[{"embeddable":true,"href":"https:\/\/encuentroinformativo.com.mx\/index.php?rest_route=\/wp\/v2\/media\/60339"}],"wp:attachment":[{"href":"https:\/\/encuentroinformativo.com.mx\/index.php?rest_route=%2Fwp%2Fv2%2Fmedia&parent=60338"}],"wp:term":[{"taxonomy":"category","embeddable":true,"href":"https:\/\/encuentroinformativo.com.mx\/index.php?rest_route=%2Fwp%2Fv2%2Fcategories&post=60338"},{"taxonomy":"post_tag","embeddable":true,"href":"https:\/\/encuentroinformativo.com.mx\/index.php?rest_route=%2Fwp%2Fv2%2Ftags&post=60338"}],"curies":[{"name":"wp","href":"https:\/\/api.w.org\/{rel}","templated":true}]}}