{"id":60344,"date":"2024-11-05T14:33:28","date_gmt":"2024-11-05T20:33:28","guid":{"rendered":"https:\/\/encuentroinformativo.com.mx\/?p=60344"},"modified":"2024-11-05T14:33:33","modified_gmt":"2024-11-05T20:33:33","slug":"carretera-en-cumbres-de-maltrata-requiere-reparacion-seria-ahued","status":"publish","type":"post","link":"https:\/\/encuentroinformativo.com.mx\/?p=60344","title":{"rendered":"Carretera en Cumbres de Maltrata requiere reparaci\u00f3n seria: Ahued"},"content":{"rendered":"\n<p><strong>Dar\u00edo Pale <\/strong><\/p>\n\n\n\n<p>Xalapa, Ver.- La reparaci\u00f3n de la carretera 150D Puebla-Veracruz se llevar\u00e1 semanas o meses, adelant\u00f3 que se iniciaron estudios para hacer una reparaci\u00f3n seria, as\u00ed lo dio a conocer el futuro secretario de Gobierno en la administraci\u00f3n de Roc\u00edo Nahle Garc\u00eda, Ricardo Ahued Bardahuil.<\/p>\n\n\n\n<p>En entrevista en el Congreso del Estado advirti\u00f3 que la rehabilitaci\u00f3n de la carretera Puebla-Veracruz, en Las Cumbres de Maltrata, costar\u00e1 muchos millones de pesos de inversi\u00f3n, lament\u00f3 lo que sucedi\u00f3 desde el pasado 27 de octubre y se pronunci\u00f3 por revisar la mec\u00e1nica del suelo de dicha v\u00eda de comunicaci\u00f3n.<\/p>\n\n\n\n<p>&#8220;Es una obra que se va a llevar much\u00edsimos millones de inversi\u00f3n y que se tiene que hacer con todas las caracter\u00edsticas de norma, de seguridad, es una carretera que se llevar\u00e1 varias semanas o meses para una reparaci\u00f3n ser\u00eda. Ya empezaron a hacer los estudios&#8221;, inform\u00f3.<\/p>\n\n\n\n<p>Ahued Bardahuil dijo que se tendr\u00e1n que buscar fuentes de recursos para la reparaci\u00f3n tras el grave talud de tierra que cay\u00f3 y que dej\u00f3 atrapadas a varias unidades de transporte de carga.<\/p>\n\n\n\n<p>El todav\u00eda alcalde de Xalapa no descart\u00f3 que una vez que arranque la nueva administraci\u00f3n estatal se pida el apoyo de la Federaci\u00f3n.<\/p>\n\n\n\n<p>Destac\u00f3 que no podr\u00eda decir que la presidenta Claudia Sheinbaum haga suyo este asunto, pero consider\u00f3 que es un asunto de inter\u00e9s estatal, pero tambi\u00e9n nacional.<\/p>\n\n\n\n<p>&#8220;Es un troncal muy importante de vialidad para la zona industrial de C\u00f3rdoba, Orizaba, para el tr\u00e1nsito de familias, que ahora se est\u00e1 cargando hacia la autopista que va desde Emiliano Zapata hacia Perote y que trae una cantidad en el aforo vehicular&#8221;, se\u00f1al\u00f3.<\/p>\n\n\n\n<p>Por otra parte, manifest\u00f3 que la Gobernadora instruy\u00f3 atender a todas y todos por igual y tratar de resolver todos los problemas.<\/p>\n\n\n\n<p>Por \u00faltimo defini\u00f3 que la siguiente administraci\u00f3n ser\u00e1 austera, as\u00ed como una secretar\u00eda con gente de bien, que tenga deseos de servir y la pasi\u00f3n de hacer algo por Veracruz.<\/p>\n","protected":false},"excerpt":{"rendered":"<p>Dar\u00edo Pale Xalapa, Ver.- La reparaci\u00f3n de la carretera 150D Puebla-Veracruz se llevar\u00e1 semanas o meses, adelant\u00f3 que se iniciaron estudios para hacer una reparaci\u00f3n seria, as\u00ed lo dio a conocer el futuro secretario de Gobierno en la administraci\u00f3n de Roc\u00edo Nahle Garc\u00eda, Ricardo Ahued Bardahuil. En entrevista en el Congreso del Estado advirti\u00f3 que [&hellip;]<\/p>\n","protected":false},"author":2476,"featured_media":60347,"comment_status":"open","ping_status":"open","sticky":false,"template":"","format":"standard","meta":{"_jetpack_memberships_contains_paid_content":false,"footnotes":""},"categories":[2],"tags":[],"class_list":["post-60344","post","type-post","status-publish","format-standard","has-post-thumbnail","hentry","category-estado"],"jetpack_featured_media_url":"https:\/\/encuentroinformativo.com.mx\/wp-content\/uploads\/2024\/11\/IMG-20241105-WA00642.jpg","jetpack_sharing_enabled":true,"jetpack_likes_enabled":true,"amp_enabled":true,"_links":{"self":[{"href":"https:\/\/encuentroinformativo.com.mx\/index.php?rest_route=\/wp\/v2\/posts\/60344","targetHints":{"allow":["GET"]}}],"collection":[{"href":"https:\/\/encuentroinformativo.com.mx\/index.php?rest_route=\/wp\/v2\/posts"}],"about":[{"href":"https:\/\/encuentroinformativo.com.mx\/index.php?rest_route=\/wp\/v2\/types\/post"}],"author":[{"embeddable":true,"href":"https:\/\/encuentroinformativo.com.mx\/index.php?rest_route=\/wp\/v2\/users\/2476"}],"replies":[{"embeddable":true,"href":"https:\/\/encuentroinformativo.com.mx\/index.php?rest_route=%2Fwp%2Fv2%2Fcomments&post=60344"}],"version-history":[{"count":1,"href":"https:\/\/encuentroinformativo.com.mx\/index.php?rest_route=\/wp\/v2\/posts\/60344\/revisions"}],"predecessor-version":[{"id":60346,"href":"https:\/\/encuentroinformativo.com.mx\/index.php?rest_route=\/wp\/v2\/posts\/60344\/revisions\/60346"}],"wp:featuredmedia":[{"embeddable":true,"href":"https:\/\/encuentroinformativo.com.mx\/index.php?rest_route=\/wp\/v2\/media\/60347"}],"wp:attachment":[{"href":"https:\/\/encuentroinformativo.com.mx\/index.php?rest_route=%2Fwp%2Fv2%2Fmedia&parent=60344"}],"wp:term":[{"taxonomy":"category","embeddable":true,"href":"https:\/\/encuentroinformativo.com.mx\/index.php?rest_route=%2Fwp%2Fv2%2Fcategories&post=60344"},{"taxonomy":"post_tag","embeddable":true,"href":"https:\/\/encuentroinformativo.com.mx\/index.php?rest_route=%2Fwp%2Fv2%2Ftags&post=60344"}],"curies":[{"name":"wp","href":"https:\/\/api.w.org\/{rel}","templated":true}]}}