{"id":60351,"date":"2024-11-05T17:45:54","date_gmt":"2024-11-05T23:45:54","guid":{"rendered":"https:\/\/encuentroinformativo.com.mx\/?p=60351"},"modified":"2024-11-05T17:46:00","modified_gmt":"2024-11-05T23:46:00","slug":"notifica-congreso-a-poderes-ejecutivo-y-judicial-inicio-de-la-lxvii-legislatura","status":"publish","type":"post","link":"https:\/\/encuentroinformativo.com.mx\/?p=60351","title":{"rendered":"Notifica Congreso a Poderes Ejecutivo y Judicial inicio de la LXVII Legislatura"},"content":{"rendered":"\n<p><strong>* Acuden diputadas y diputados representantes de las diversas fuerzas pol\u00edticas representadas en el Poder Legislativo de Veracruz.<\/strong><\/p>\n\n\n\n<p>Xalapa, Ver.- En cumplimiento del Art\u00edculo 15 de la Ley Org\u00e1nica del Poder Legislativo del Estado de Veracruz de Ignacio de la Llave, diputadas y diputados acudieron a los titulares de los Poderes Ejecutivo y Judicial para informarles a cerca de la legal constituci\u00f3n de la LXVII Legislatura, la elecci\u00f3n de la Mesa Directiva y el inicio del Primer Periodo Ordinario de Sesiones.<\/p>\n\n\n\n<p>La Comisi\u00f3n designada para informar al gobernador del estado, ingeniero Cuitl\u00e1huac Garc\u00eda Jim\u00e9nez, qued\u00f3 integrada por los diputados Esteban Bautista Hern\u00e1ndez, Carlos Marcelo Ruiz S\u00e1nchez, Ram\u00f3n D\u00edaz \u00c1vila, Enrique Cambranis Torres y Adri\u00e1n Sigfrido \u00c1vila Estrada. Tambi\u00e9n, el y las integrantes de la Mesa Directiva, diputadas Tanya Carola Viveros Ch\u00e1zaro y Tania Mar\u00eda Cruz Mej\u00eda y diputado Felipe Pineda Barradas, presidenta, vicepresidenta y secretario, respectivamente.<\/p>\n\n\n\n<p>La Comisi\u00f3n para notificar a la presidenta del Tribunal Superior de Justicia y del Consejo de la Judicatura del Poder Judicial estatal, magistrada Lisbeth Aurelia Jim\u00e9nez Aguirre, qued\u00f3 integrada por las diputadas Naomi Edith G\u00f3mez Santos, Estefan\u00eda Bastida Cuevas, Dulce Mar\u00eda Hern\u00e1ndez Tepole, Luz Alicia Delf\u00edn Rodr\u00edguez, Ana Rosa Vald\u00e9s Salazar y Mar\u00eda Elena C\u00f3rdova Molina.<\/p>\n\n\n\n<p>Las y los representantes populares comisionados coincidieron en trabajar conjuntamente con los Poderes Ejecutivo y Judicial para que el di\u00e1logo y la pluralidad democr\u00e1tica prevalezcan en este Congreso y redunden en el fortalecimiento y la consolidaci\u00f3n del Estado de Derecho.<\/p>\n","protected":false},"excerpt":{"rendered":"<p>* Acuden diputadas y diputados representantes de las diversas fuerzas pol\u00edticas representadas en el Poder Legislativo de Veracruz. Xalapa, Ver.- En cumplimiento del Art\u00edculo 15 de la Ley Org\u00e1nica del Poder Legislativo del Estado de Veracruz de Ignacio de la Llave, diputadas y diputados acudieron a los titulares de los Poderes Ejecutivo y Judicial para [&hellip;]<\/p>\n","protected":false},"author":2476,"featured_media":60352,"comment_status":"open","ping_status":"open","sticky":false,"template":"","format":"standard","meta":{"_jetpack_memberships_contains_paid_content":false,"footnotes":""},"categories":[2],"tags":[],"class_list":["post-60351","post","type-post","status-publish","format-standard","has-post-thumbnail","hentry","category-estado"],"jetpack_featured_media_url":"https:\/\/encuentroinformativo.com.mx\/wp-content\/uploads\/2024\/11\/IMG-20241105-WA00962.jpg","jetpack_sharing_enabled":true,"jetpack_likes_enabled":true,"amp_enabled":true,"_links":{"self":[{"href":"https:\/\/encuentroinformativo.com.mx\/index.php?rest_route=\/wp\/v2\/posts\/60351","targetHints":{"allow":["GET"]}}],"collection":[{"href":"https:\/\/encuentroinformativo.com.mx\/index.php?rest_route=\/wp\/v2\/posts"}],"about":[{"href":"https:\/\/encuentroinformativo.com.mx\/index.php?rest_route=\/wp\/v2\/types\/post"}],"author":[{"embeddable":true,"href":"https:\/\/encuentroinformativo.com.mx\/index.php?rest_route=\/wp\/v2\/users\/2476"}],"replies":[{"embeddable":true,"href":"https:\/\/encuentroinformativo.com.mx\/index.php?rest_route=%2Fwp%2Fv2%2Fcomments&post=60351"}],"version-history":[{"count":1,"href":"https:\/\/encuentroinformativo.com.mx\/index.php?rest_route=\/wp\/v2\/posts\/60351\/revisions"}],"predecessor-version":[{"id":60353,"href":"https:\/\/encuentroinformativo.com.mx\/index.php?rest_route=\/wp\/v2\/posts\/60351\/revisions\/60353"}],"wp:featuredmedia":[{"embeddable":true,"href":"https:\/\/encuentroinformativo.com.mx\/index.php?rest_route=\/wp\/v2\/media\/60352"}],"wp:attachment":[{"href":"https:\/\/encuentroinformativo.com.mx\/index.php?rest_route=%2Fwp%2Fv2%2Fmedia&parent=60351"}],"wp:term":[{"taxonomy":"category","embeddable":true,"href":"https:\/\/encuentroinformativo.com.mx\/index.php?rest_route=%2Fwp%2Fv2%2Fcategories&post=60351"},{"taxonomy":"post_tag","embeddable":true,"href":"https:\/\/encuentroinformativo.com.mx\/index.php?rest_route=%2Fwp%2Fv2%2Ftags&post=60351"}],"curies":[{"name":"wp","href":"https:\/\/api.w.org\/{rel}","templated":true}]}}