{"id":60354,"date":"2024-11-05T19:00:02","date_gmt":"2024-11-06T01:00:02","guid":{"rendered":"https:\/\/encuentroinformativo.com.mx\/?p=60354"},"modified":"2024-11-05T19:00:08","modified_gmt":"2024-11-06T01:00:08","slug":"recibe-ricardo-ahued-a-estudiantes-de-musica-de-colombia","status":"publish","type":"post","link":"https:\/\/encuentroinformativo.com.mx\/?p=60354","title":{"rendered":"Recibe Ricardo Ahued a estudiantes de m\u00fasica de Colombia"},"content":{"rendered":"\n<p>Xalapa, Ver.- El presidente municipal Ricardo Ahued Bardahuil recibi\u00f3 en la Sala de Cabildo a los estudiantes de la escuela \u201cGuitarras de San Juan Bautista\u201d, originarios del municipio de La Vega Cundinamarca, Colombia.<\/p>\n\n\n\n<p>En compa\u00f1\u00eda del alcalde suplente, Alberto Islas Reyes, el Edil agradeci\u00f3 la visita y estancia en la regi\u00f3n capital.<\/p>\n\n\n\n<p>El maestro y director Fausto Harley Beltr\u00e1n, dijo que su visita fortalece la educaci\u00f3n y el conocimiento cultural de los diferentes lugares que conocen los estudiantes.<\/p>\n\n\n\n<p>&#8220;Quiero darle las gracias al Alcalde por recibirnos, no esper\u00e1bamos este recibimiento tan bonito, estamos muy contentos, desde Colombia le damos las gracias por recibirnos\u201d, agreg\u00f3.<\/p>\n\n\n\n<p>La instituci\u00f3n fue fundada en 2021 por el director, junto a un grupo de ni\u00f1os, adolescentes y adultos interesados en aprender a interpretar la guitarra.<\/p>\n\n\n\n<p>La escuela se caracteriza por brindar tanto educaci\u00f3n musical como formaci\u00f3n en valores espirituales y sociales, que permiten contribuir de manera positiva en la sociedad.<\/p>\n\n\n\n<p>Este martes a las 18:00 horas se presentar\u00e1n en el Centro Recreativo Xalape\u00f1o, y el viernes 8 de noviembre a las 18:00 horas, deleitar\u00e1n al p\u00fablico en el Museo de la M\u00fasica Veracruzana \u201cCasa Do\u00f1a Falla\u201d.<\/p>\n\n\n\n<p>Estuvo presente la directora de Cultura, Karla Montano Rocher.<\/p>\n","protected":false},"excerpt":{"rendered":"<p>Xalapa, Ver.- El presidente municipal Ricardo Ahued Bardahuil recibi\u00f3 en la Sala de Cabildo a los estudiantes de la escuela \u201cGuitarras de San Juan Bautista\u201d, originarios del municipio de La Vega Cundinamarca, Colombia. En compa\u00f1\u00eda del alcalde suplente, Alberto Islas Reyes, el Edil agradeci\u00f3 la visita y estancia en la regi\u00f3n capital. El maestro y [&hellip;]<\/p>\n","protected":false},"author":2476,"featured_media":60355,"comment_status":"open","ping_status":"open","sticky":false,"template":"","format":"standard","meta":{"_jetpack_memberships_contains_paid_content":false,"footnotes":""},"categories":[3],"tags":[],"class_list":["post-60354","post","type-post","status-publish","format-standard","has-post-thumbnail","hentry","category-xalapa"],"jetpack_featured_media_url":"https:\/\/encuentroinformativo.com.mx\/wp-content\/uploads\/2024\/11\/IMG-20241105-WA0098.jpg","jetpack_sharing_enabled":true,"jetpack_likes_enabled":true,"amp_enabled":true,"_links":{"self":[{"href":"https:\/\/encuentroinformativo.com.mx\/index.php?rest_route=\/wp\/v2\/posts\/60354","targetHints":{"allow":["GET"]}}],"collection":[{"href":"https:\/\/encuentroinformativo.com.mx\/index.php?rest_route=\/wp\/v2\/posts"}],"about":[{"href":"https:\/\/encuentroinformativo.com.mx\/index.php?rest_route=\/wp\/v2\/types\/post"}],"author":[{"embeddable":true,"href":"https:\/\/encuentroinformativo.com.mx\/index.php?rest_route=\/wp\/v2\/users\/2476"}],"replies":[{"embeddable":true,"href":"https:\/\/encuentroinformativo.com.mx\/index.php?rest_route=%2Fwp%2Fv2%2Fcomments&post=60354"}],"version-history":[{"count":1,"href":"https:\/\/encuentroinformativo.com.mx\/index.php?rest_route=\/wp\/v2\/posts\/60354\/revisions"}],"predecessor-version":[{"id":60356,"href":"https:\/\/encuentroinformativo.com.mx\/index.php?rest_route=\/wp\/v2\/posts\/60354\/revisions\/60356"}],"wp:featuredmedia":[{"embeddable":true,"href":"https:\/\/encuentroinformativo.com.mx\/index.php?rest_route=\/wp\/v2\/media\/60355"}],"wp:attachment":[{"href":"https:\/\/encuentroinformativo.com.mx\/index.php?rest_route=%2Fwp%2Fv2%2Fmedia&parent=60354"}],"wp:term":[{"taxonomy":"category","embeddable":true,"href":"https:\/\/encuentroinformativo.com.mx\/index.php?rest_route=%2Fwp%2Fv2%2Fcategories&post=60354"},{"taxonomy":"post_tag","embeddable":true,"href":"https:\/\/encuentroinformativo.com.mx\/index.php?rest_route=%2Fwp%2Fv2%2Ftags&post=60354"}],"curies":[{"name":"wp","href":"https:\/\/api.w.org\/{rel}","templated":true}]}}