{"id":60363,"date":"2024-11-06T11:47:50","date_gmt":"2024-11-06T17:47:50","guid":{"rendered":"https:\/\/encuentroinformativo.com.mx\/?p=60363"},"modified":"2024-11-06T11:47:55","modified_gmt":"2024-11-06T17:47:55","slug":"sindicato-toma-oficinas-de-la-sev-realizan-bloqueos","status":"publish","type":"post","link":"https:\/\/encuentroinformativo.com.mx\/?p=60363","title":{"rendered":"Sindicato &#8216;toma&#8217; oficinas de la SEV, realizan bloqueos"},"content":{"rendered":"\n<p><strong>Dar\u00edo Pale <\/strong><\/p>\n\n\n\n<p>Xalapa, Ver.- Toman las instalaciones de la Secretar\u00eda de Educaci\u00f3n de Veracruz (SEV), y\u00a0 todas las delegaciones por una larga lista de demandas sin cumplir, a los Integrantes del Sindicato Integrador Alternativo de los Trabajadores de la Educaci\u00f3n en M\u00e9xico (SIATEM).<\/p>\n\n\n\n<p>En entrevista, el secretario general de la organizaci\u00f3n sindical, Alejandro Cucurachi Dur\u00e1n, exigi\u00f3 que le resuelvan sus demandas o no permitir\u00e1 que se haga la entrega-recepci\u00f3n.<\/p>\n\n\n\n<p>A trav\u00e9s de un pliego petitorio expuso que existen posibles actos de corrupci\u00f3n y actividades tipificadas como delitos de omisi\u00f3n por parte de funcionarios de la SEV.<\/p>\n\n\n\n<p>&#8220;Por lo que nos vemos en la necesidad de detener todo movimiento administrativo en oficinas centrales y delegaciones a lo largo del Estado y que este paro de actividades ser\u00e1 de manera indefinida hasta no ver cumplidas todas y cada una de nuestras demandas, las cuales enumeramos&#8221;, expuso.<\/p>\n\n\n\n<p>Los inconformes exigen la regularizaci\u00f3n inmediata de ocho casos administrativos que llevan m\u00e1s de 10 a\u00f1os laborando en una zona econ\u00f3mica del cien por ciento y cobrando en zona econ\u00f3mica del 60 por ciento.<\/p>\n\n\n\n<p>Cumplimiento inmediato al compromiso adquirido desde hace seis a\u00f1os de cambio en Educaci\u00f3n Especial Estatal.<\/p>\n\n\n\n<p>Transparencia p\u00fablica de las vacantes definitivas y temporales, ya que existe evidencia que se han acomodado a modo en beneficio de amigos, familiares y conocidos del personal de la Secretar\u00eda.<\/p>\n\n\n\n<p>Reinstalaci\u00f3n inmediata de compa\u00f1eros cesados por inconsistencias al debido proceso y que los han perjudicado en lo laboral, econ\u00f3mico y personal.<\/p>\n\n\n\n<p>Liberaci\u00f3n de adeudos a compa\u00f1eros de a\u00f1os fiscales anteriores.<\/p>\n\n\n\n<p>Regularizaci\u00f3n de claves administrativas de educaci\u00f3n secundaria.<\/p>\n\n\n\n<p>La no repetici\u00f3n de personal de la SEV que han mostrado su ineficacia, corrupci\u00f3n e incompetencia.<\/p>\n\n\n\n<p>Claridad y certeza jur\u00eddica en cambios por inseguridad y salud debidamente probados, sin requisitos inventados por el t\u00e9cnico normativo.\u00a0Mayor compromiso para las recategorizaciones de los compa\u00f1eros homologados, que se entregue de manera anual no cada dos a\u00f1os para la aplicaci\u00f3n de su beneficio, ya que deben esperar un periodo para volver a ser beneficiados, haciendo que cada uno espere un m\u00ednimo de cuatro a\u00f1os para ver mejor\u00eda en su salario.<\/p>\n\n\n\n<p>Asimismo, exigieron el pago inmediato de las p\u00f3lizas por defunci\u00f3n y de los cobros por jubilaci\u00f3n, ya que las retenciones son inmediatas pero los pagos siempre son retrasados.<\/p>\n\n\n\n<p>Por \u00faltimo tambi\u00e9n que se eviten represalias, llamadas de atenci\u00f3n, hostigamientos y descuentos a quienes hacemos uso de nuestro derecho constitucional a la libre manifestaci\u00f3n.<\/p>\n\n\n\n<p>Con la finalidad de hacer m\u00e1s presi\u00f3n a los funcionarios de la SEV los docentes bloquearon la Avenida Lazaro C\u00e1rdenas en los dos sentidos de la carretera.<\/p>\n","protected":false},"excerpt":{"rendered":"<p>Dar\u00edo Pale Xalapa, Ver.- Toman las instalaciones de la Secretar\u00eda de Educaci\u00f3n de Veracruz (SEV), y\u00a0 todas las delegaciones por una larga lista de demandas sin cumplir, a los Integrantes del Sindicato Integrador Alternativo de los Trabajadores de la Educaci\u00f3n en M\u00e9xico (SIATEM). En entrevista, el secretario general de la organizaci\u00f3n sindical, Alejandro Cucurachi Dur\u00e1n, [&hellip;]<\/p>\n","protected":false},"author":2476,"featured_media":60364,"comment_status":"open","ping_status":"open","sticky":false,"template":"","format":"standard","meta":{"_jetpack_memberships_contains_paid_content":false,"footnotes":""},"categories":[3],"tags":[],"class_list":["post-60363","post","type-post","status-publish","format-standard","has-post-thumbnail","hentry","category-xalapa"],"jetpack_featured_media_url":"https:\/\/encuentroinformativo.com.mx\/wp-content\/uploads\/2024\/11\/IMG-20241106-WA0020.jpg","jetpack_sharing_enabled":true,"jetpack_likes_enabled":true,"amp_enabled":true,"_links":{"self":[{"href":"https:\/\/encuentroinformativo.com.mx\/index.php?rest_route=\/wp\/v2\/posts\/60363","targetHints":{"allow":["GET"]}}],"collection":[{"href":"https:\/\/encuentroinformativo.com.mx\/index.php?rest_route=\/wp\/v2\/posts"}],"about":[{"href":"https:\/\/encuentroinformativo.com.mx\/index.php?rest_route=\/wp\/v2\/types\/post"}],"author":[{"embeddable":true,"href":"https:\/\/encuentroinformativo.com.mx\/index.php?rest_route=\/wp\/v2\/users\/2476"}],"replies":[{"embeddable":true,"href":"https:\/\/encuentroinformativo.com.mx\/index.php?rest_route=%2Fwp%2Fv2%2Fcomments&post=60363"}],"version-history":[{"count":1,"href":"https:\/\/encuentroinformativo.com.mx\/index.php?rest_route=\/wp\/v2\/posts\/60363\/revisions"}],"predecessor-version":[{"id":60365,"href":"https:\/\/encuentroinformativo.com.mx\/index.php?rest_route=\/wp\/v2\/posts\/60363\/revisions\/60365"}],"wp:featuredmedia":[{"embeddable":true,"href":"https:\/\/encuentroinformativo.com.mx\/index.php?rest_route=\/wp\/v2\/media\/60364"}],"wp:attachment":[{"href":"https:\/\/encuentroinformativo.com.mx\/index.php?rest_route=%2Fwp%2Fv2%2Fmedia&parent=60363"}],"wp:term":[{"taxonomy":"category","embeddable":true,"href":"https:\/\/encuentroinformativo.com.mx\/index.php?rest_route=%2Fwp%2Fv2%2Fcategories&post=60363"},{"taxonomy":"post_tag","embeddable":true,"href":"https:\/\/encuentroinformativo.com.mx\/index.php?rest_route=%2Fwp%2Fv2%2Ftags&post=60363"}],"curies":[{"name":"wp","href":"https:\/\/api.w.org\/{rel}","templated":true}]}}