{"id":6038,"date":"2020-09-21T17:36:57","date_gmt":"2020-09-21T22:36:57","guid":{"rendered":"https:\/\/encuentroinformativo.com.mx\/?p=6038"},"modified":"2020-09-21T17:37:00","modified_gmt":"2020-09-21T22:37:00","slug":"se-registro-ataque-de-abejas-en-el-macuiltepetl","status":"publish","type":"post","link":"https:\/\/encuentroinformativo.com.mx\/?p=6038","title":{"rendered":"Se registr\u00f3 ataque de abejas en el Macuilt\u00e9petl"},"content":{"rendered":"\n<p><strong>Juan Arcos <\/strong><\/p>\n\n\n\n<p>Xalapa, Ver.- Durante la tarde del domingo, se registr\u00f3 un ataque de abejas africanizadas en el Cerro de Macuilt\u00e9petl de esta ciudad capital.<\/p>\n\n\n\n<p>El presidente del Patronato del Parque Ecol\u00f3gico Macuilt\u00e9petl, Sergio Humberto Aguilar Rodr\u00edguez, confirm\u00f3 en redes sociales dicho incidente.<\/p>\n\n\n\n<p>\u201cTuvimos el ataque de las abejas africanizadas, ya hacia la tarde. Rescatamos a un amigo anciano que no pod\u00eda pasar y desviamos desde museo a la gente, pero atacaron a jardineros, amigos, a mi hija y algunos paseantes sin m\u00e1s novedad que mucha adrenalina derramada\u201d, se lee en una publicaci\u00f3n.<\/p>\n\n\n\n<p>Por tal motivo, fue solicitada la presencia de Protecci\u00f3n Civil del ayuntamiento de Xalapa; sin embargo, nunca lleg\u00f3 el auxilio.<\/p>\n\n\n\n<p>El Patronato del Parque Ecol\u00f3gico Macuilt\u00e9petl acord\u00f3 reubicar la colmena con el apoyo t\u00e9cnico de apicultores de la regi\u00f3n.<\/p>\n\n\n\n<p>\u201cFavor de comunicarse por WhatsApp al 2283215665 a voluntarios con ahumadores y velos que quieran quedarse con la colmena\u201d, a\u00f1ade el mensaje.<\/p>\n\n\n\n<p>En ese sentido, se llevar\u00edan a cabo los trabajos necesarios para garantizar la seguridad de los paseantes y de los vecinos de la zona.<\/p>\n","protected":false},"excerpt":{"rendered":"<p>Juan Arcos Xalapa, Ver.- Durante la tarde del domingo, se registr\u00f3 un ataque de abejas africanizadas en el Cerro de Macuilt\u00e9petl de esta ciudad capital. El presidente del Patronato del Parque Ecol\u00f3gico Macuilt\u00e9petl, Sergio Humberto Aguilar Rodr\u00edguez, confirm\u00f3 en redes sociales dicho incidente. \u201cTuvimos el ataque de las abejas africanizadas, ya hacia la tarde. Rescatamos [&hellip;]<\/p>\n","protected":false},"author":1,"featured_media":6039,"comment_status":"open","ping_status":"open","sticky":false,"template":"","format":"aside","meta":{"_jetpack_memberships_contains_paid_content":false,"footnotes":""},"categories":[3],"tags":[],"class_list":["post-6038","post","type-post","status-publish","format-aside","has-post-thumbnail","hentry","category-xalapa","post_format-post-format-aside"],"jetpack_featured_media_url":"https:\/\/encuentroinformativo.com.mx\/wp-content\/uploads\/2020\/09\/ABBB2451-606E-42F8-854E-EEEE85B397AD.jpeg","jetpack_sharing_enabled":true,"jetpack_likes_enabled":true,"amp_enabled":true,"_links":{"self":[{"href":"https:\/\/encuentroinformativo.com.mx\/index.php?rest_route=\/wp\/v2\/posts\/6038","targetHints":{"allow":["GET"]}}],"collection":[{"href":"https:\/\/encuentroinformativo.com.mx\/index.php?rest_route=\/wp\/v2\/posts"}],"about":[{"href":"https:\/\/encuentroinformativo.com.mx\/index.php?rest_route=\/wp\/v2\/types\/post"}],"author":[{"embeddable":true,"href":"https:\/\/encuentroinformativo.com.mx\/index.php?rest_route=\/wp\/v2\/users\/1"}],"replies":[{"embeddable":true,"href":"https:\/\/encuentroinformativo.com.mx\/index.php?rest_route=%2Fwp%2Fv2%2Fcomments&post=6038"}],"version-history":[{"count":1,"href":"https:\/\/encuentroinformativo.com.mx\/index.php?rest_route=\/wp\/v2\/posts\/6038\/revisions"}],"predecessor-version":[{"id":6040,"href":"https:\/\/encuentroinformativo.com.mx\/index.php?rest_route=\/wp\/v2\/posts\/6038\/revisions\/6040"}],"wp:featuredmedia":[{"embeddable":true,"href":"https:\/\/encuentroinformativo.com.mx\/index.php?rest_route=\/wp\/v2\/media\/6039"}],"wp:attachment":[{"href":"https:\/\/encuentroinformativo.com.mx\/index.php?rest_route=%2Fwp%2Fv2%2Fmedia&parent=6038"}],"wp:term":[{"taxonomy":"category","embeddable":true,"href":"https:\/\/encuentroinformativo.com.mx\/index.php?rest_route=%2Fwp%2Fv2%2Fcategories&post=6038"},{"taxonomy":"post_tag","embeddable":true,"href":"https:\/\/encuentroinformativo.com.mx\/index.php?rest_route=%2Fwp%2Fv2%2Ftags&post=6038"}],"curies":[{"name":"wp","href":"https:\/\/api.w.org\/{rel}","templated":true}]}}