{"id":60391,"date":"2024-11-06T16:04:25","date_gmt":"2024-11-06T22:04:25","guid":{"rendered":"https:\/\/encuentroinformativo.com.mx\/?p=60391"},"modified":"2024-11-06T16:04:32","modified_gmt":"2024-11-06T22:04:32","slug":"esperan-consenso-en-reparto-de-comisiones-legislativas","status":"publish","type":"post","link":"https:\/\/encuentroinformativo.com.mx\/?p=60391","title":{"rendered":"Esperan consenso en reparto de comisiones legislativas"},"content":{"rendered":"\n<p><strong>Dar\u00edo Pale <\/strong><\/p>\n\n\n\n<p>Xalapa, Ver.- El Diputado local del PRI H\u00e9ctor Yunes Landa espera que haya consenso para reparto de comisiones con los dem\u00e1s grupos legislativos, critic\u00f3 la descortes\u00eda del Gobernador por no llegar a la sesi\u00f3n solemne de este martes.<\/p>\n\n\n\n<p>En entrevista se\u00f1al\u00f3 que espera que no suceda lo que sucedi\u00f3 este martes en el arranque de la nueva Legislatura, ya que en la mesa directiva no hay ni un s\u00f3lo diputado de oposici\u00f3n.<\/p>\n\n\n\n<p>El legislador record\u00f3 que tiene m\u00e1s de 15 a\u00f1os de vida parlamentaria y esta es la primera vez que no hay un integrante de la oposici\u00f3n en la mesa directiva.<\/p>\n\n\n\n<p>&#8220;El esquema del toma todo creo que no es lo que m\u00e1s conviene al Congreso del Estado. Hoy fijar\u00e9 una posici\u00f3n como la estilo, respetuosa, pero muy firme&#8221;, se\u00f1al\u00f3.<\/p>\n\n\n\n<p>En torno a las comisiones, Yunes Landa adelant\u00f3 que le gustar\u00eda formar parte de la comisi\u00f3n de Vigilancia, entre muchas otras.<\/p>\n\n\n\n<p>En otro tema, opin\u00f3 que fue una descortes\u00eda de parte del gobernador Cuitl\u00e1huac Garc\u00eda Jim\u00e9nez el no haber acudido a la sesi\u00f3n solemne de este lunes.<\/p>\n\n\n\n<p>&#8220;Pero ya no nos extra\u00f1a nada de Cuitl\u00e1huac, seguramente estaba en una clase de danza en el patio central de Palacio&#8221;, coment\u00f3.<\/p>\n\n\n\n<p>Por \u00faltimo dijo que el Ejecutivo es poco tolerante a la cr\u00edtica y por ello fue vetado de la comisi\u00f3n de cortes\u00eda<\/p>\n","protected":false},"excerpt":{"rendered":"<p>Dar\u00edo Pale Xalapa, Ver.- El Diputado local del PRI H\u00e9ctor Yunes Landa espera que haya consenso para reparto de comisiones con los dem\u00e1s grupos legislativos, critic\u00f3 la descortes\u00eda del Gobernador por no llegar a la sesi\u00f3n solemne de este martes. En entrevista se\u00f1al\u00f3 que espera que no suceda lo que sucedi\u00f3 este martes en el [&hellip;]<\/p>\n","protected":false},"author":2476,"featured_media":60392,"comment_status":"open","ping_status":"open","sticky":false,"template":"","format":"standard","meta":{"_jetpack_memberships_contains_paid_content":false,"footnotes":""},"categories":[2],"tags":[],"class_list":["post-60391","post","type-post","status-publish","format-standard","has-post-thumbnail","hentry","category-estado"],"jetpack_featured_media_url":"https:\/\/encuentroinformativo.com.mx\/wp-content\/uploads\/2024\/11\/IMG-20241106-WA0069.jpg","jetpack_sharing_enabled":true,"jetpack_likes_enabled":true,"amp_enabled":true,"_links":{"self":[{"href":"https:\/\/encuentroinformativo.com.mx\/index.php?rest_route=\/wp\/v2\/posts\/60391","targetHints":{"allow":["GET"]}}],"collection":[{"href":"https:\/\/encuentroinformativo.com.mx\/index.php?rest_route=\/wp\/v2\/posts"}],"about":[{"href":"https:\/\/encuentroinformativo.com.mx\/index.php?rest_route=\/wp\/v2\/types\/post"}],"author":[{"embeddable":true,"href":"https:\/\/encuentroinformativo.com.mx\/index.php?rest_route=\/wp\/v2\/users\/2476"}],"replies":[{"embeddable":true,"href":"https:\/\/encuentroinformativo.com.mx\/index.php?rest_route=%2Fwp%2Fv2%2Fcomments&post=60391"}],"version-history":[{"count":1,"href":"https:\/\/encuentroinformativo.com.mx\/index.php?rest_route=\/wp\/v2\/posts\/60391\/revisions"}],"predecessor-version":[{"id":60393,"href":"https:\/\/encuentroinformativo.com.mx\/index.php?rest_route=\/wp\/v2\/posts\/60391\/revisions\/60393"}],"wp:featuredmedia":[{"embeddable":true,"href":"https:\/\/encuentroinformativo.com.mx\/index.php?rest_route=\/wp\/v2\/media\/60392"}],"wp:attachment":[{"href":"https:\/\/encuentroinformativo.com.mx\/index.php?rest_route=%2Fwp%2Fv2%2Fmedia&parent=60391"}],"wp:term":[{"taxonomy":"category","embeddable":true,"href":"https:\/\/encuentroinformativo.com.mx\/index.php?rest_route=%2Fwp%2Fv2%2Fcategories&post=60391"},{"taxonomy":"post_tag","embeddable":true,"href":"https:\/\/encuentroinformativo.com.mx\/index.php?rest_route=%2Fwp%2Fv2%2Ftags&post=60391"}],"curies":[{"name":"wp","href":"https:\/\/api.w.org\/{rel}","templated":true}]}}