{"id":6041,"date":"2020-09-22T00:19:46","date_gmt":"2020-09-22T05:19:46","guid":{"rendered":"https:\/\/encuentroinformativo.com.mx\/?p=6041"},"modified":"2020-09-22T00:20:16","modified_gmt":"2020-09-22T05:20:16","slug":"veracruz-suma-casi-32-mil-casos-de-covid","status":"publish","type":"post","link":"https:\/\/encuentroinformativo.com.mx\/?p=6041","title":{"rendered":"Veracruz suma casi 32 mil casos de Covid"},"content":{"rendered":"\n<p><strong>Juan Arcos <\/strong><\/p>\n\n\n\n<p>Xalapa, Ver.- El titular de la Secretar\u00eda de Salud de Veracruz (SS), Roberto Ramos Alor, se\u00f1al\u00f3 que la poblaci\u00f3n cuenta con la informaci\u00f3n necesaria para evitar contagiar a los adultos mayores de SARS-COV-2 (COVID-19).<\/p>\n\n\n\n<p>\u201cSi ustedes al salir de casa lo hacen con las medidas de prevenci\u00f3n, por ejemplo, el uso del cubrebocas y al llegar a casa se asean correctamente tengan por seguro que no van a contagiar a sus adultos\u201d.<\/p>\n\n\n\n<p>Durante el D\u00eda Mundial Contra el Alzheimer, el funcionario estatal indic\u00f3 que el gobierno de Veracruz ha fortalecido el programa de enfermedades cardiometab\u00f3licas y de salud en el adulto mayor para una detecci\u00f3n oportuna, seguimiento y control de las enfermedades m\u00e1s frecuentes que tambi\u00e9n constituyen factores de riesgo cuando se tiene Alzheimer.<\/p>\n\n\n\n<p>\u201cPara proteger a nuestros adultos mayores del coronavirus les hemos pedido que est\u00e9n en casa\u201d.<\/p>\n\n\n\n<p>Tambi\u00e9n coment\u00f3 que el personal asignado al Sector Salud promueve estilos de vida saludable y est\u00e1 capacitado en cuanto a las principales afecciones a la salud mental: demencia y depresi\u00f3n.<\/p>\n\n\n\n<p>Ramos Alor pidi\u00f3 a la poblaci\u00f3n que ayude a los adultos mayores a realizar actividades f\u00edsicas, incluso a caminar en un parque, siempre y cuando sean acatadas las medidas sanitarias.<\/p>\n\n\n\n<p>En las \u00faltimas 24 horas se registraron 236 nuevos contagios y 12 defunciones por COVID-19 en la entidad veracruzana.<\/p>\n\n\n\n<p>La autoridades sanitarias reportaron un total de 31 mil 976 casos positivos en 204 de los 212 municipios del estado. Adem\u00e1s, se contabilizaron 660 casos activos.<\/p>\n\n\n\n<p>Tambi\u00e9n hay reporte de 4 mil 169 fallecimientos en 162 municipios veracruzanos y 2 mil 277 casos sospechosos en 141 municipios.<\/p>\n\n\n\n<p>Hasta el momento se han logrado recuperar 24 mil 508 pacientes, quienes fueron dados de alta en alguna unidad del Sector Salud.<\/p>\n\n\n\n<p>Del total de casos positivos, 4 mil 501 presentaron cuadros muy graves y requirieron hospitalizaci\u00f3n; m\u00e1s del 34 por ciento eran personas mayores de 65 a\u00f1os.<\/p>\n","protected":false},"excerpt":{"rendered":"<p>Juan Arcos Xalapa, Ver.- El titular de la Secretar\u00eda de Salud de Veracruz (SS), Roberto Ramos Alor, se\u00f1al\u00f3 que la poblaci\u00f3n cuenta con la informaci\u00f3n necesaria para evitar contagiar a los adultos mayores de SARS-COV-2 (COVID-19). \u201cSi ustedes al salir de casa lo hacen con las medidas de prevenci\u00f3n, por ejemplo, el uso del cubrebocas [&hellip;]<\/p>\n","protected":false},"author":1,"featured_media":6042,"comment_status":"open","ping_status":"open","sticky":false,"template":"","format":"aside","meta":{"_jetpack_memberships_contains_paid_content":false,"footnotes":""},"categories":[2],"tags":[],"class_list":["post-6041","post","type-post","status-publish","format-aside","has-post-thumbnail","hentry","category-estado","post_format-post-format-aside"],"jetpack_featured_media_url":"https:\/\/encuentroinformativo.com.mx\/wp-content\/uploads\/2020\/09\/6ECB7B88-FAEF-4179-9377-0675A087B28A-scaled.jpeg","jetpack_sharing_enabled":true,"jetpack_likes_enabled":true,"amp_enabled":true,"_links":{"self":[{"href":"https:\/\/encuentroinformativo.com.mx\/index.php?rest_route=\/wp\/v2\/posts\/6041","targetHints":{"allow":["GET"]}}],"collection":[{"href":"https:\/\/encuentroinformativo.com.mx\/index.php?rest_route=\/wp\/v2\/posts"}],"about":[{"href":"https:\/\/encuentroinformativo.com.mx\/index.php?rest_route=\/wp\/v2\/types\/post"}],"author":[{"embeddable":true,"href":"https:\/\/encuentroinformativo.com.mx\/index.php?rest_route=\/wp\/v2\/users\/1"}],"replies":[{"embeddable":true,"href":"https:\/\/encuentroinformativo.com.mx\/index.php?rest_route=%2Fwp%2Fv2%2Fcomments&post=6041"}],"version-history":[{"count":1,"href":"https:\/\/encuentroinformativo.com.mx\/index.php?rest_route=\/wp\/v2\/posts\/6041\/revisions"}],"predecessor-version":[{"id":6043,"href":"https:\/\/encuentroinformativo.com.mx\/index.php?rest_route=\/wp\/v2\/posts\/6041\/revisions\/6043"}],"wp:featuredmedia":[{"embeddable":true,"href":"https:\/\/encuentroinformativo.com.mx\/index.php?rest_route=\/wp\/v2\/media\/6042"}],"wp:attachment":[{"href":"https:\/\/encuentroinformativo.com.mx\/index.php?rest_route=%2Fwp%2Fv2%2Fmedia&parent=6041"}],"wp:term":[{"taxonomy":"category","embeddable":true,"href":"https:\/\/encuentroinformativo.com.mx\/index.php?rest_route=%2Fwp%2Fv2%2Fcategories&post=6041"},{"taxonomy":"post_tag","embeddable":true,"href":"https:\/\/encuentroinformativo.com.mx\/index.php?rest_route=%2Fwp%2Fv2%2Ftags&post=6041"}],"curies":[{"name":"wp","href":"https:\/\/api.w.org\/{rel}","templated":true}]}}