{"id":60417,"date":"2024-11-07T09:47:31","date_gmt":"2024-11-07T15:47:31","guid":{"rendered":"https:\/\/encuentroinformativo.com.mx\/?p=60417"},"modified":"2024-11-07T09:47:38","modified_gmt":"2024-11-07T15:47:38","slug":"la-primera-morena","status":"publish","type":"post","link":"https:\/\/encuentroinformativo.com.mx\/?p=60417","title":{"rendered":"LA PRIMERA MORENA"},"content":{"rendered":"\n<p><strong>Los Pol\u00edticos<\/strong><\/p>\n\n\n\n<p><strong>Salvador Mu\u00f1oz<\/strong><\/p>\n\n\n\n<p>En el Priato, a nivel aldea, se estilaba que el l\u00edder moral del partido descansaba en la figura del Gobernador en turno, y el dirigente en s\u00ed era un pago de factura, un amigo de, hasta una agencia de colocaciones\u2026<\/p>\n\n\n\n<p>El partido era una extensi\u00f3n del mandato del Gobernador en turno y hasta pomposamente se le llamaba \u201cel Primer Pr\u00edista del Estado\u201d.<\/p>\n\n\n\n<p>Con Morena, aun con todo y el power que desde el 2018 amas\u00f3, al menos en Veracruz, no se dio este fen\u00f3meno pol\u00edtico\u2026 hasta ayer.<\/p>\n\n\n\n<p>Teniendo a la vuelta de la esquina la Asamblea Informativa de Morena encabezada por Mar\u00eda Luisa Alcalde Luj\u00e1n y Andr\u00e9s L\u00f3pez Beltr\u00e1n, este s\u00e1bado en el WTC de Boca del R\u00edo, Roc\u00edo Nahle dio muestras de qui\u00e9n lleva ya las riendas pol\u00edticas en la entidad.<\/p>\n\n\n\n<p>Nahle, desde su b\u00fanker en Boca del R\u00edo, flanqueada por Esteban Ram\u00edrez Zepeta y el hoy ex diputado Juan Javier G\u00f3mez Cazar\u00edn, ya habla de la organizaci\u00f3n del evento morenista a celebrarse este s\u00e1bado\u2026 s\u00ed, ella encabeza junto con los citados, la primera visita de la nueva dirigencia morenista a nivel nacional.<\/p>\n\n\n\n<p>En estos nuevos tiempos, quiz\u00e1s se pueda ver normal, pero en otros momentos, el electo se resguardaba y dejaba al mandatario en turno, probar las \u00faltimas mieles del poder menguante hasta su final\u2026<\/p>\n\n\n\n<p>Hoy, desde hace rato, ambos, tanto Nahle como Cuitl\u00e1huac, dan muestras de qui\u00e9n manda y qui\u00e9n nunca mand\u00f3\u2026<\/p>\n\n\n\n<p>El mejor ejemplo de ello est\u00e1 en la ausencia de Garc\u00eda Jim\u00e9nez en la instalaci\u00f3n de la LXVII Legislatura; igual dio muestra de su tama\u00f1o al no recibir a H\u00e9ctor Yunes Landa en la Comitiva del Congreso local, aunque es algo que al menos en este sexenio que acaba, se vio constante y sonante: la ninguneada que se le daba al Poder Legislativo; y el \u00faltimo detallazo, es igual su ausencia en la organizaci\u00f3n de la asamblea informativa de la plana mayor de Morena.<\/p>\n\n\n\n<p>El partido Morena en s\u00ed, puede estar tranquilo\u2026 el nacional como el estatal\u2026 al menos en Veracruz Nahle est\u00e1 mostrando algo que no tuvo el Gobernador del estado en estos casi seis a\u00f1os: liderazgo pol\u00edtico\u2026 \u00e9se lo deleg\u00f3 en la figura de Eric Cisneros Burgos mientras \u00e9l bland\u00eda el machete, bailaba salsa, pintaba escuelas o practicaba el Xantolo\u2026<\/p>\n\n\n\n<p>Hoy bien se puede decir que Nahle es la Primera Morena de Veracruz.<\/p>\n","protected":false},"excerpt":{"rendered":"<p>Los Pol\u00edticos Salvador Mu\u00f1oz En el Priato, a nivel aldea, se estilaba que el l\u00edder moral del partido descansaba en la figura del Gobernador en turno, y el dirigente en s\u00ed era un pago de factura, un amigo de, hasta una agencia de colocaciones\u2026 El partido era una extensi\u00f3n del mandato del Gobernador en turno [&hellip;]<\/p>\n","protected":false},"author":2476,"featured_media":387,"comment_status":"open","ping_status":"open","sticky":false,"template":"","format":"standard","meta":{"_jetpack_memberships_contains_paid_content":false,"footnotes":""},"categories":[11],"tags":[],"class_list":["post-60417","post","type-post","status-publish","format-standard","has-post-thumbnail","hentry","category-opinion"],"jetpack_featured_media_url":"https:\/\/encuentroinformativo.com.mx\/wp-content\/uploads\/2020\/03\/7CF8A22B-2764-47BE-8F7F-38FE9E5D6A2F.jpeg","jetpack_sharing_enabled":true,"jetpack_likes_enabled":true,"amp_enabled":true,"_links":{"self":[{"href":"https:\/\/encuentroinformativo.com.mx\/index.php?rest_route=\/wp\/v2\/posts\/60417","targetHints":{"allow":["GET"]}}],"collection":[{"href":"https:\/\/encuentroinformativo.com.mx\/index.php?rest_route=\/wp\/v2\/posts"}],"about":[{"href":"https:\/\/encuentroinformativo.com.mx\/index.php?rest_route=\/wp\/v2\/types\/post"}],"author":[{"embeddable":true,"href":"https:\/\/encuentroinformativo.com.mx\/index.php?rest_route=\/wp\/v2\/users\/2476"}],"replies":[{"embeddable":true,"href":"https:\/\/encuentroinformativo.com.mx\/index.php?rest_route=%2Fwp%2Fv2%2Fcomments&post=60417"}],"version-history":[{"count":1,"href":"https:\/\/encuentroinformativo.com.mx\/index.php?rest_route=\/wp\/v2\/posts\/60417\/revisions"}],"predecessor-version":[{"id":60418,"href":"https:\/\/encuentroinformativo.com.mx\/index.php?rest_route=\/wp\/v2\/posts\/60417\/revisions\/60418"}],"wp:featuredmedia":[{"embeddable":true,"href":"https:\/\/encuentroinformativo.com.mx\/index.php?rest_route=\/wp\/v2\/media\/387"}],"wp:attachment":[{"href":"https:\/\/encuentroinformativo.com.mx\/index.php?rest_route=%2Fwp%2Fv2%2Fmedia&parent=60417"}],"wp:term":[{"taxonomy":"category","embeddable":true,"href":"https:\/\/encuentroinformativo.com.mx\/index.php?rest_route=%2Fwp%2Fv2%2Fcategories&post=60417"},{"taxonomy":"post_tag","embeddable":true,"href":"https:\/\/encuentroinformativo.com.mx\/index.php?rest_route=%2Fwp%2Fv2%2Ftags&post=60417"}],"curies":[{"name":"wp","href":"https:\/\/api.w.org\/{rel}","templated":true}]}}