{"id":60419,"date":"2024-11-07T12:08:29","date_gmt":"2024-11-07T18:08:29","guid":{"rendered":"https:\/\/encuentroinformativo.com.mx\/?p=60419"},"modified":"2024-11-07T12:08:33","modified_gmt":"2024-11-07T18:08:33","slug":"la-toxica-nuevo-videoclip-de-los-flamers-y-oskar-lobbo","status":"publish","type":"post","link":"https:\/\/encuentroinformativo.com.mx\/?p=60419","title":{"rendered":"&#8220;La T\u00f3xica&#8221; nuevo videoclip de Los Flamers y Oskar Lobbo"},"content":{"rendered":"\n<p><strong>Alejandro \u00c1vila<\/strong><\/p>\n\n\n\n<p>Veracruz, Ver.- El Flamazo Musical de M\u00e9xico \u201cLos Flamers\u201d y Oskar Lobbo ofrecieron conferencia de prensa para anunciar de manera oficial el lanzamiento del videoclip de la canci\u00f3n \u201cLa T\u00f3xica\u201d, la cual forma parte de la pr\u00f3xima producci\u00f3n del 60 aniversario del grupo de m\u00fasica tropical m\u00e1s veterano de Veracruz, Los Flamers.<\/p>\n\n\n\n<p>Este corte musical, \u201cLa T\u00f3xica\u201d, es un tema in\u00e9dito escrito por Oskar Lobbo y con la que Los Flamers comienzan a celebrar 60 a\u00f1os de trayectoria en el mundo tropical.<\/p>\n\n\n\n<p>\u201cEsta T\u00d3XICA te va seguir por todos lados, te va hacer bailar, cantar, vibrar y gozar de la buena cumbia. Por eso tenemos un invitado muy especial que al ritmo del Za Za Za nos cuenta la historia de la T\u00d3XICA, es Oskar Lobbo\u201d, coment\u00f3 en la conferencia de prensa Roberto Bueno, fundador y director de Los Flamers.<\/p>\n\n\n\n<p>Y agreg\u00f3: \u201cEste d\u00eda con mucho gusto les anunciamos el pr\u00f3ximo lanzamiento en nuestro canal de YouTube del video clip titulado \u201cLA T\u00d3XICA\u201c, en colaboraci\u00f3n con Oskar Lobbo el Za Za Za ser\u00e1 a las 00:00 del 8 de noviembre\u201d.<\/p>\n\n\n\n<p>Por su parte, Oskar Lobbo dijo sentirse honrado de haber realizado esta colaboraci\u00f3n con Los Flamers: \u201cClaro, definitivo, trabajar con ellos no es trabajo para m\u00ed, es muy emocionante. Yo crec\u00ed con la m\u00fasica de Los Flamers, son un gran exponente de la m\u00fasica tropical y las veces que se me invite a colaborar ah\u00ed estar\u00e9\u201d.<\/p>\n\n\n\n<p>Cabe se\u00f1alar que este sencillo LA T\u00d3XICA se desprende de la producci\u00f3n con la que Los Flamers celebran 60 a\u00f1os de ser EL FLAMAZO MUSICAL DE M\u00c9XICO.<\/p>\n\n\n\n<p>&#8220;TODOS TENEMOS UNA T\u00d3XICA EN NUESTRAS VIDAS&#8221;, pero LOS FLAMERS tienen una T\u00d3XICA muy especial.<\/p>\n","protected":false},"excerpt":{"rendered":"<p>Alejandro \u00c1vila Veracruz, Ver.- El Flamazo Musical de M\u00e9xico \u201cLos Flamers\u201d y Oskar Lobbo ofrecieron conferencia de prensa para anunciar de manera oficial el lanzamiento del videoclip de la canci\u00f3n \u201cLa T\u00f3xica\u201d, la cual forma parte de la pr\u00f3xima producci\u00f3n del 60 aniversario del grupo de m\u00fasica tropical m\u00e1s veterano de Veracruz, Los Flamers. Este [&hellip;]<\/p>\n","protected":false},"author":2476,"featured_media":60420,"comment_status":"open","ping_status":"open","sticky":false,"template":"","format":"standard","meta":{"_jetpack_memberships_contains_paid_content":false,"footnotes":""},"categories":[2],"tags":[],"class_list":["post-60419","post","type-post","status-publish","format-standard","has-post-thumbnail","hentry","category-estado"],"jetpack_featured_media_url":"https:\/\/encuentroinformativo.com.mx\/wp-content\/uploads\/2024\/11\/IMG-20241107-WA0027.jpg","jetpack_sharing_enabled":true,"jetpack_likes_enabled":true,"amp_enabled":true,"_links":{"self":[{"href":"https:\/\/encuentroinformativo.com.mx\/index.php?rest_route=\/wp\/v2\/posts\/60419","targetHints":{"allow":["GET"]}}],"collection":[{"href":"https:\/\/encuentroinformativo.com.mx\/index.php?rest_route=\/wp\/v2\/posts"}],"about":[{"href":"https:\/\/encuentroinformativo.com.mx\/index.php?rest_route=\/wp\/v2\/types\/post"}],"author":[{"embeddable":true,"href":"https:\/\/encuentroinformativo.com.mx\/index.php?rest_route=\/wp\/v2\/users\/2476"}],"replies":[{"embeddable":true,"href":"https:\/\/encuentroinformativo.com.mx\/index.php?rest_route=%2Fwp%2Fv2%2Fcomments&post=60419"}],"version-history":[{"count":1,"href":"https:\/\/encuentroinformativo.com.mx\/index.php?rest_route=\/wp\/v2\/posts\/60419\/revisions"}],"predecessor-version":[{"id":60421,"href":"https:\/\/encuentroinformativo.com.mx\/index.php?rest_route=\/wp\/v2\/posts\/60419\/revisions\/60421"}],"wp:featuredmedia":[{"embeddable":true,"href":"https:\/\/encuentroinformativo.com.mx\/index.php?rest_route=\/wp\/v2\/media\/60420"}],"wp:attachment":[{"href":"https:\/\/encuentroinformativo.com.mx\/index.php?rest_route=%2Fwp%2Fv2%2Fmedia&parent=60419"}],"wp:term":[{"taxonomy":"category","embeddable":true,"href":"https:\/\/encuentroinformativo.com.mx\/index.php?rest_route=%2Fwp%2Fv2%2Fcategories&post=60419"},{"taxonomy":"post_tag","embeddable":true,"href":"https:\/\/encuentroinformativo.com.mx\/index.php?rest_route=%2Fwp%2Fv2%2Ftags&post=60419"}],"curies":[{"name":"wp","href":"https:\/\/api.w.org\/{rel}","templated":true}]}}