{"id":60422,"date":"2024-11-07T12:14:26","date_gmt":"2024-11-07T18:14:26","guid":{"rendered":"https:\/\/encuentroinformativo.com.mx\/?p=60422"},"modified":"2024-11-07T12:14:32","modified_gmt":"2024-11-07T18:14:32","slug":"aranceles-tema-que-preocupa-a-empresarios-tras-triunfo-de-trump","status":"publish","type":"post","link":"https:\/\/encuentroinformativo.com.mx\/?p=60422","title":{"rendered":"Aranceles, tema que preocupa a empresarios tras triunfo de Trump"},"content":{"rendered":"\n<p><strong>Dar\u00edo Pale <\/strong><\/p>\n\n\n\n<p>Xalapa, Ver.- El empresario xalape\u00f1o Antonio Lagunes Toral di\u00f3 a conocer que la presidenta de M\u00e9xico Claudia Sheinbaum debe de hacer lo necesario para llegar a buenos acuerdos con el pa\u00eds vecino y poder mejorar los aranceles con el futuro presidente de E.U., Donald Trump.<\/p>\n\n\n\n<p>En entrevista se\u00f1al\u00f3 que, con el triunfo de Donald Trump en Estados Unidos a los empresarios les preocupa el tema de los aranceles, por lo que la presidenta de M\u00e9xico debe de actuar en el tema de seguridad ya que esto afectara en todos los sentidos, ya que hay muchos productos que se consumen en todo el pais y tambien todo lo que se exporta.<\/p>\n\n\n\n<p>Esto es muy preocupante para las empresas ya que no podr\u00edan sostenerse con todo lo que tienen que pagar de impuestos, INFONAVID, en general todos los impuestos que se tienen que pagar, y con un arancel del 25 por ciento mermara la econom\u00eda de muchas empresas, esto derivado del anuncio que hizo el presidente electo de E.U., Donald Trump.<\/p>\n\n\n\n<p>\u201cNosotros hay la esperanza de que haya algo bueno aunque ya con el anuncio que hizo Trump, si lo vemos dif\u00edcil, solo que nuestra presidenta actual Claudia Sheinbaum Pardo realmente haga lo necesario para llegar a excelentes acuerdos derivado a que ellos quieren realmente ver el TEC donde se cumplan con ciertos requisitos donde al parecer M\u00e9xico ha dejado de cumplir\u201d, se\u00f1al\u00f3.<\/p>\n\n\n\n<p>La presidenta de M\u00e9xico est\u00e1 iniciando su administraci\u00f3n por lo que no se puede juzgar,\u00a0 ni calificar pero es necesario que llegue a buenos acuerdos como la reuni\u00f3n que sostuvo el dia de ayer, para llegar a objetivos claros y con compromisos que lleven al pa\u00eds de M\u00e9xico a un buen futuro.<\/p>\n\n\n\n<p>\u201cHay que trabajar mucho, todos los empresarios lo que quieren es realmente que le den en el tema jur\u00eddico lo que es necesario, las garant\u00edas que estamos viendo que se han estado perdiendo un poco, bueno hay controversia unos que si otros que no al final eso lo definen los expertos en la materia, pero\u00a0 que quieren todos los empresarios es realmente que le respete jur\u00eddicamente y que no haya fugas de dinero como ha estado pasando en meses anteriores\u201d, coment\u00f3.<\/p>\n\n\n\n<p>Reiter\u00f3 que los empresarios quieren que haya las garant\u00edas tanto internas como externas para que haya m\u00e1s fuentes de ingresos y seamos como otros pa\u00edses ya el PIB est\u00e1 anunciado del 1.3 cuando en aen Argentina est\u00e1 en 5.2 lo que quiere decir que la ultraderecha es m\u00e1s fuerte y son m\u00e1s conscientes en saber invertir ya que el PIB que tienen habla bien de ese pa\u00eds.<\/p>\n\n\n\n<p>Coment\u00f3 que es muy triste que una empresa como es la VW est\u00e1 tratando de irse del pa\u00eds, esto derivado de las garant\u00edas y debido a que est\u00e1 entrando mucho veh\u00edculo de China y eso puede ser la molestia de E.U., y por eso el tema de los aranceles y eso les va a afectar mucho.<\/p>\n\n\n\n<p>Por lo anterior est\u00e1n solicitando al gobierno federal, estatal y municipal para que hagan lo propio ya que al final lo que se quiere es que le vaya bien al pa\u00eds, y las tiendas chinas han acaparado muchos comercios a nivel nacional y local pero debe de haber un orden.<\/p>\n\n\n\n<p>Finalmente cabe se\u00f1alar que Antonio Lagunes acaba de recibir un reconocimiento por parte de la revista L\u00edderes de M\u00e9xico en el Top Destacados Hombres L\u00edderes de M\u00e9xico 2024,\u00a0 y est\u00e1 nominado como Empresario del a\u00f1o 2024 para el Galard\u00f3n Rosa en el estado de Puebla.<\/p>\n","protected":false},"excerpt":{"rendered":"<p>Dar\u00edo Pale Xalapa, Ver.- El empresario xalape\u00f1o Antonio Lagunes Toral di\u00f3 a conocer que la presidenta de M\u00e9xico Claudia Sheinbaum debe de hacer lo necesario para llegar a buenos acuerdos con el pa\u00eds vecino y poder mejorar los aranceles con el futuro presidente de E.U., Donald Trump. En entrevista se\u00f1al\u00f3 que, con el triunfo de [&hellip;]<\/p>\n","protected":false},"author":2476,"featured_media":60423,"comment_status":"open","ping_status":"open","sticky":false,"template":"","format":"standard","meta":{"_jetpack_memberships_contains_paid_content":false,"footnotes":""},"categories":[2],"tags":[],"class_list":["post-60422","post","type-post","status-publish","format-standard","has-post-thumbnail","hentry","category-estado"],"jetpack_featured_media_url":"https:\/\/encuentroinformativo.com.mx\/wp-content\/uploads\/2024\/11\/IMG-20241107-WA0029.jpg","jetpack_sharing_enabled":true,"jetpack_likes_enabled":true,"amp_enabled":true,"_links":{"self":[{"href":"https:\/\/encuentroinformativo.com.mx\/index.php?rest_route=\/wp\/v2\/posts\/60422","targetHints":{"allow":["GET"]}}],"collection":[{"href":"https:\/\/encuentroinformativo.com.mx\/index.php?rest_route=\/wp\/v2\/posts"}],"about":[{"href":"https:\/\/encuentroinformativo.com.mx\/index.php?rest_route=\/wp\/v2\/types\/post"}],"author":[{"embeddable":true,"href":"https:\/\/encuentroinformativo.com.mx\/index.php?rest_route=\/wp\/v2\/users\/2476"}],"replies":[{"embeddable":true,"href":"https:\/\/encuentroinformativo.com.mx\/index.php?rest_route=%2Fwp%2Fv2%2Fcomments&post=60422"}],"version-history":[{"count":1,"href":"https:\/\/encuentroinformativo.com.mx\/index.php?rest_route=\/wp\/v2\/posts\/60422\/revisions"}],"predecessor-version":[{"id":60424,"href":"https:\/\/encuentroinformativo.com.mx\/index.php?rest_route=\/wp\/v2\/posts\/60422\/revisions\/60424"}],"wp:featuredmedia":[{"embeddable":true,"href":"https:\/\/encuentroinformativo.com.mx\/index.php?rest_route=\/wp\/v2\/media\/60423"}],"wp:attachment":[{"href":"https:\/\/encuentroinformativo.com.mx\/index.php?rest_route=%2Fwp%2Fv2%2Fmedia&parent=60422"}],"wp:term":[{"taxonomy":"category","embeddable":true,"href":"https:\/\/encuentroinformativo.com.mx\/index.php?rest_route=%2Fwp%2Fv2%2Fcategories&post=60422"},{"taxonomy":"post_tag","embeddable":true,"href":"https:\/\/encuentroinformativo.com.mx\/index.php?rest_route=%2Fwp%2Fv2%2Ftags&post=60422"}],"curies":[{"name":"wp","href":"https:\/\/api.w.org\/{rel}","templated":true}]}}