{"id":60431,"date":"2024-11-07T12:37:51","date_gmt":"2024-11-07T18:37:51","guid":{"rendered":"https:\/\/encuentroinformativo.com.mx\/?p=60431"},"modified":"2024-11-07T12:37:56","modified_gmt":"2024-11-07T18:37:56","slug":"buscan-adopcion-para-perrita-esterilizada-y-abandonada-en-boca-del-rio","status":"publish","type":"post","link":"https:\/\/encuentroinformativo.com.mx\/?p=60431","title":{"rendered":"Buscan adopci\u00f3n para perrita esterilizada y abandonada en Boca del R\u00edo"},"content":{"rendered":"\n<p><strong>Alejandro \u00c1vila<\/strong><\/p>\n\n\n\n<p>Boca del R\u00edo, Ver.- Activistas buscan casa que adopte a perrita esterilizada y abandonada en calles de Boca del R\u00edo.<\/p>\n\n\n\n<p>A trav\u00e9s de redes sociales se dio a conocer la historia de una perrita que fue esterilizada y abandonada en calles del municipio de Boca del R\u00edo, misma que fue atendida nuevamente y apoyada tambi\u00e9n por el alcalde, Juan Manuel de Unanue Abascal.<\/p>\n\n\n\n<p>Pupis Delgado Mart\u00ednez, relat\u00f3 en sus redes sociales:<\/p>\n\n\n\n<p>Tremendo l\u00edo que se hizo ayer con esta perrita que andaba vagando reci\u00e9n esterilizada por la zona de Boca del R\u00edo.<\/p>\n\n\n\n<p>El d\u00eda de ayer por fin pudo ser puesta a resguardo, la perrita a\u00fan tiene los puntos y algunos los ten\u00eda ya abiertos, por favor si van a hacer la caridad, recuerden que las ovhs son de mucho cuidado y si van a soltar a las hembras cosa en la que no estoy en desacuerdo, debe ser SIN PUNTOS (herida completamente cicatrizada) y en caso de que sean puntos reabsorbibles, esperar 10 d\u00edas para soltar. En ese tiempo NO PUEDEN ANDAR VAGANDO, quien hizo esto lo hizo tremendamente mal, el trabajo hay que hacerlo completo porque no porque sean perritas de la calle valen menos, igual tienen dolor, est\u00e1n reci\u00e9n operadas, en otras palabras TENGAN TANTITA MADRE.<\/p>\n\n\n\n<p>Resulta que la perrita junto con otro perrito son de la zona del centro de boca, desconozco tambi\u00e9n por qu\u00e9 estaban tan alejados de su zona, pero el d\u00eda de ayer la inocente se orient\u00f3 y pudo regresar a su zona. Fue llevada al vateriario porque repito, la herida estaba inflamada y dos puntos estaban fuera. La van a sedar, la van a revisar y va a estar algunos d\u00edas en la veterinaria y si no encuentra casa, no va a ir a una jaula, ir\u00e1 a la zona en donde siempre ha vivido.<\/p>\n\n\n\n<p>Ayer mi amiga Ana Serrano fue a resguardarla para que no siguiera vagando por ah\u00ed, ella es la que estuvo preguntando y las chicas del caf\u00e9 le comentaron lo que yo les cuento aqu\u00ed.<\/p>\n\n\n\n<p>Quisiera hacer una menci\u00f3n especial al alcalde de boca del rio Juan Manuel Unanue, ya que se encontraba en ese momento en la cafeter\u00eda y Ana se le acerc\u00f3 a comentarle la situaci\u00f3n. El alcalde de inmediato hizo algunas llamadas, tom\u00f3 acciones y cubrir\u00e1 todos los gastos de la perrita. Te agradecemos mucho \ud83d\ude4f\ud83c\udffb.<\/p>\n\n\n\n<p>Por favor si vas a esterilizar a un perro de la calle, comprende que no solo es la cirug\u00eda.<\/p>\n\n\n\n<p>Si alguien quiere adoptar a la perrita que yo creo despu\u00e9s de todo lo que pas\u00f3 se lo merece, m\u00e1ndenme inbox.<\/p>\n","protected":false},"excerpt":{"rendered":"<p>Alejandro \u00c1vila Boca del R\u00edo, Ver.- Activistas buscan casa que adopte a perrita esterilizada y abandonada en calles de Boca del R\u00edo. A trav\u00e9s de redes sociales se dio a conocer la historia de una perrita que fue esterilizada y abandonada en calles del municipio de Boca del R\u00edo, misma que fue atendida nuevamente y [&hellip;]<\/p>\n","protected":false},"author":2476,"featured_media":60432,"comment_status":"open","ping_status":"open","sticky":false,"template":"","format":"standard","meta":{"_jetpack_memberships_contains_paid_content":false,"footnotes":""},"categories":[2],"tags":[],"class_list":["post-60431","post","type-post","status-publish","format-standard","has-post-thumbnail","hentry","category-estado"],"jetpack_featured_media_url":"https:\/\/encuentroinformativo.com.mx\/wp-content\/uploads\/2024\/11\/IMG-20241107-WA0031.jpg","jetpack_sharing_enabled":true,"jetpack_likes_enabled":true,"amp_enabled":true,"_links":{"self":[{"href":"https:\/\/encuentroinformativo.com.mx\/index.php?rest_route=\/wp\/v2\/posts\/60431","targetHints":{"allow":["GET"]}}],"collection":[{"href":"https:\/\/encuentroinformativo.com.mx\/index.php?rest_route=\/wp\/v2\/posts"}],"about":[{"href":"https:\/\/encuentroinformativo.com.mx\/index.php?rest_route=\/wp\/v2\/types\/post"}],"author":[{"embeddable":true,"href":"https:\/\/encuentroinformativo.com.mx\/index.php?rest_route=\/wp\/v2\/users\/2476"}],"replies":[{"embeddable":true,"href":"https:\/\/encuentroinformativo.com.mx\/index.php?rest_route=%2Fwp%2Fv2%2Fcomments&post=60431"}],"version-history":[{"count":1,"href":"https:\/\/encuentroinformativo.com.mx\/index.php?rest_route=\/wp\/v2\/posts\/60431\/revisions"}],"predecessor-version":[{"id":60433,"href":"https:\/\/encuentroinformativo.com.mx\/index.php?rest_route=\/wp\/v2\/posts\/60431\/revisions\/60433"}],"wp:featuredmedia":[{"embeddable":true,"href":"https:\/\/encuentroinformativo.com.mx\/index.php?rest_route=\/wp\/v2\/media\/60432"}],"wp:attachment":[{"href":"https:\/\/encuentroinformativo.com.mx\/index.php?rest_route=%2Fwp%2Fv2%2Fmedia&parent=60431"}],"wp:term":[{"taxonomy":"category","embeddable":true,"href":"https:\/\/encuentroinformativo.com.mx\/index.php?rest_route=%2Fwp%2Fv2%2Fcategories&post=60431"},{"taxonomy":"post_tag","embeddable":true,"href":"https:\/\/encuentroinformativo.com.mx\/index.php?rest_route=%2Fwp%2Fv2%2Ftags&post=60431"}],"curies":[{"name":"wp","href":"https:\/\/api.w.org\/{rel}","templated":true}]}}