{"id":60434,"date":"2024-11-07T13:29:42","date_gmt":"2024-11-07T19:29:42","guid":{"rendered":"https:\/\/encuentroinformativo.com.mx\/?p=60434"},"modified":"2024-11-07T13:29:48","modified_gmt":"2024-11-07T19:29:48","slug":"encuesta-senala-que-casi-7-de-cada-10-portenos-ven-a-rocio-nahle-como-buena-gobernadora","status":"publish","type":"post","link":"https:\/\/encuentroinformativo.com.mx\/?p=60434","title":{"rendered":"Encuesta se\u00f1ala que casi 7 de cada 10 porte\u00f1os ven a Roc\u00edo Nahle como buena gobernadora"},"content":{"rendered":"\n<p><strong>Alejandro \u00c1vila<\/strong><\/p>\n\n\n\n<p>Veracruz, Ver.- Los habitantes del municipio de Veracruz tienen muy buenas expectativas del pr\u00f3ximo gobierno que encabezar\u00e1 la gobernadora Roc\u00edo Nahle Garc\u00eda a partir el 1 de diciembre de este a\u00f1o, esto seg\u00fan los resultados de una medici\u00f3n realizada por la encuestadora Demotecnia De las Heras.<\/p>\n\n\n\n<p>De acuerdo con la Encuesta levantada en vivienda a 600 ciudadanos del municipio porte\u00f1o, el 66 por ciento de los encuestados dijo que Roc\u00edo Nahle ser\u00e1 una buena gobernadora, mientras que el 4 por ciento respondi\u00f3 que ni buena ni mala.<\/p>\n\n\n\n<p>Asimismo, seg\u00fan la encuesta de De las Heras, el 69 por ciento de los encuestados dijo que al estado de Veracruz le va a ir mejor con Roc\u00edo Nahle como gobernadora, en tanto que el 3 por ciento respondi\u00f3 que le ir\u00e1 igual de bien.<\/p>\n\n\n\n<p>El ejercicio de medici\u00f3n fue aplicado en 600 viviendas entre el 12 y el 13 de octubre, a ciudadanos mayores de 18 a\u00f1os con credencial de elector vigente seleccionador de forma aleatoria.<\/p>\n\n\n\n<figure class=\"wp-block-image size-large\"><img loading=\"lazy\" decoding=\"async\" width=\"914\" height=\"1024\" src=\"https:\/\/encuentroinformativo.com.mx\/wp-content\/uploads\/2024\/11\/1000419041-914x1024.jpg\" alt=\"\" class=\"wp-image-60437\" srcset=\"https:\/\/encuentroinformativo.com.mx\/wp-content\/uploads\/2024\/11\/1000419041-914x1024.jpg 914w, https:\/\/encuentroinformativo.com.mx\/wp-content\/uploads\/2024\/11\/1000419041-268x300.jpg 268w, https:\/\/encuentroinformativo.com.mx\/wp-content\/uploads\/2024\/11\/1000419041-768x861.jpg 768w, https:\/\/encuentroinformativo.com.mx\/wp-content\/uploads\/2024\/11\/1000419041.jpg 1170w\" sizes=\"auto, (max-width: 914px) 100vw, 914px\" \/><\/figure>\n","protected":false},"excerpt":{"rendered":"<p>Alejandro \u00c1vila Veracruz, Ver.- Los habitantes del municipio de Veracruz tienen muy buenas expectativas del pr\u00f3ximo gobierno que encabezar\u00e1 la gobernadora Roc\u00edo Nahle Garc\u00eda a partir el 1 de diciembre de este a\u00f1o, esto seg\u00fan los resultados de una medici\u00f3n realizada por la encuestadora Demotecnia De las Heras. De acuerdo con la Encuesta levantada en [&hellip;]<\/p>\n","protected":false},"author":2476,"featured_media":60435,"comment_status":"open","ping_status":"open","sticky":false,"template":"","format":"standard","meta":{"_jetpack_memberships_contains_paid_content":false,"footnotes":""},"categories":[2],"tags":[],"class_list":["post-60434","post","type-post","status-publish","format-standard","has-post-thumbnail","hentry","category-estado"],"jetpack_featured_media_url":"https:\/\/encuentroinformativo.com.mx\/wp-content\/uploads\/2024\/11\/IMG-20241107-WA0043.jpg","jetpack_sharing_enabled":true,"jetpack_likes_enabled":true,"amp_enabled":true,"_links":{"self":[{"href":"https:\/\/encuentroinformativo.com.mx\/index.php?rest_route=\/wp\/v2\/posts\/60434","targetHints":{"allow":["GET"]}}],"collection":[{"href":"https:\/\/encuentroinformativo.com.mx\/index.php?rest_route=\/wp\/v2\/posts"}],"about":[{"href":"https:\/\/encuentroinformativo.com.mx\/index.php?rest_route=\/wp\/v2\/types\/post"}],"author":[{"embeddable":true,"href":"https:\/\/encuentroinformativo.com.mx\/index.php?rest_route=\/wp\/v2\/users\/2476"}],"replies":[{"embeddable":true,"href":"https:\/\/encuentroinformativo.com.mx\/index.php?rest_route=%2Fwp%2Fv2%2Fcomments&post=60434"}],"version-history":[{"count":2,"href":"https:\/\/encuentroinformativo.com.mx\/index.php?rest_route=\/wp\/v2\/posts\/60434\/revisions"}],"predecessor-version":[{"id":60438,"href":"https:\/\/encuentroinformativo.com.mx\/index.php?rest_route=\/wp\/v2\/posts\/60434\/revisions\/60438"}],"wp:featuredmedia":[{"embeddable":true,"href":"https:\/\/encuentroinformativo.com.mx\/index.php?rest_route=\/wp\/v2\/media\/60435"}],"wp:attachment":[{"href":"https:\/\/encuentroinformativo.com.mx\/index.php?rest_route=%2Fwp%2Fv2%2Fmedia&parent=60434"}],"wp:term":[{"taxonomy":"category","embeddable":true,"href":"https:\/\/encuentroinformativo.com.mx\/index.php?rest_route=%2Fwp%2Fv2%2Fcategories&post=60434"},{"taxonomy":"post_tag","embeddable":true,"href":"https:\/\/encuentroinformativo.com.mx\/index.php?rest_route=%2Fwp%2Fv2%2Ftags&post=60434"}],"curies":[{"name":"wp","href":"https:\/\/api.w.org\/{rel}","templated":true}]}}