{"id":60451,"date":"2024-11-07T15:47:15","date_gmt":"2024-11-07T21:47:15","guid":{"rendered":"https:\/\/encuentroinformativo.com.mx\/?p=60451"},"modified":"2024-11-07T15:47:19","modified_gmt":"2024-11-07T21:47:19","slug":"tema-complejo-eleccion-de-jueces-y-magistrados-reconoce-ine","status":"publish","type":"post","link":"https:\/\/encuentroinformativo.com.mx\/?p=60451","title":{"rendered":"Tema complejo elecci\u00f3n de jueces y magistrados, reconoce INE"},"content":{"rendered":"\n<p><strong>Dar\u00edo Pale <\/strong><\/p>\n\n\n\n<p>Xalapa, Ver.- Los plazos, presupuestos y asuntos relacionados al proceso electoral para la renovaci\u00f3n de jueces federales y ministros de la Suprema Corte de Justicia de la Naci\u00f3n (SCJN), es un asunto complejo, as\u00ed lo dio a conocer el vocal ejecutivo del Instituto Nacional Electoral (INE), Josu\u00e9 Cervantes Mart\u00ednez.<\/p>\n\n\n\n<p>En entrevista, explic\u00f3 que est\u00e1n revisando cu\u00e1les son los \u00e1mbitos competenciales, y record\u00f3 que hasta este momento las actividades a nivel central est\u00e1n en pausa de la elecci\u00f3n del Poder Judicial Federal.<\/p>\n\n\n\n<p>Aunque antes de que se detuvieran las acciones por la revisi\u00f3n que llevaron a cabo los ministros de la Corte, hab\u00eda un acuerdo de que las juntas locales del INE se instalar\u00e1n el 16 de noviembre.<\/p>\n\n\n\n<p>De manera que hasta este d\u00eda, sigue esperando indicaciones para saber si se instala o no, todo depende de las oficinas centrales.<\/p>\n\n\n\n<p>Reconoci\u00f3 que no tiene el dato de cu\u00e1ntos cargos se deber\u00e1n renovar del Poder Judicial Federal con sede en la Entidad.<\/p>\n\n\n\n<p>Enfatiz\u00f3 que el presupuesto para dicho proceso electoral se deber\u00e1 calcular con base en el n\u00famero de boletas, n\u00famero de urnas, entre muchos otros.<\/p>\n\n\n\n<p>Adem\u00e1s, dijo que resulta sumamente complejo saber en este momento cu\u00e1nto tiempo necesitan para organizar el proceso, pero hay plazos que impusieron los legisladores federales.<\/p>\n\n\n\n<p>Por \u00faltimo coment\u00f3 que, &#8220;necesitamos conocer las convocatorias de los comit\u00e9s, se tienen que recibir las solicitudes de los aspirantes, seleccionar quienes ser\u00edan los candidatos id\u00f3neos, hacer la t\u00f3mbola, darnos a conocer cu\u00e1les son los cargos y los aspirantes&#8221;.<\/p>\n","protected":false},"excerpt":{"rendered":"<p>Dar\u00edo Pale Xalapa, Ver.- Los plazos, presupuestos y asuntos relacionados al proceso electoral para la renovaci\u00f3n de jueces federales y ministros de la Suprema Corte de Justicia de la Naci\u00f3n (SCJN), es un asunto complejo, as\u00ed lo dio a conocer el vocal ejecutivo del Instituto Nacional Electoral (INE), Josu\u00e9 Cervantes Mart\u00ednez. En entrevista, explic\u00f3 que [&hellip;]<\/p>\n","protected":false},"author":2476,"featured_media":60452,"comment_status":"open","ping_status":"open","sticky":false,"template":"","format":"standard","meta":{"_jetpack_memberships_contains_paid_content":false,"footnotes":""},"categories":[2],"tags":[],"class_list":["post-60451","post","type-post","status-publish","format-standard","has-post-thumbnail","hentry","category-estado"],"jetpack_featured_media_url":"https:\/\/encuentroinformativo.com.mx\/wp-content\/uploads\/2024\/11\/IMG-20241107-WA0079.jpg","jetpack_sharing_enabled":true,"jetpack_likes_enabled":true,"amp_enabled":true,"_links":{"self":[{"href":"https:\/\/encuentroinformativo.com.mx\/index.php?rest_route=\/wp\/v2\/posts\/60451","targetHints":{"allow":["GET"]}}],"collection":[{"href":"https:\/\/encuentroinformativo.com.mx\/index.php?rest_route=\/wp\/v2\/posts"}],"about":[{"href":"https:\/\/encuentroinformativo.com.mx\/index.php?rest_route=\/wp\/v2\/types\/post"}],"author":[{"embeddable":true,"href":"https:\/\/encuentroinformativo.com.mx\/index.php?rest_route=\/wp\/v2\/users\/2476"}],"replies":[{"embeddable":true,"href":"https:\/\/encuentroinformativo.com.mx\/index.php?rest_route=%2Fwp%2Fv2%2Fcomments&post=60451"}],"version-history":[{"count":1,"href":"https:\/\/encuentroinformativo.com.mx\/index.php?rest_route=\/wp\/v2\/posts\/60451\/revisions"}],"predecessor-version":[{"id":60453,"href":"https:\/\/encuentroinformativo.com.mx\/index.php?rest_route=\/wp\/v2\/posts\/60451\/revisions\/60453"}],"wp:featuredmedia":[{"embeddable":true,"href":"https:\/\/encuentroinformativo.com.mx\/index.php?rest_route=\/wp\/v2\/media\/60452"}],"wp:attachment":[{"href":"https:\/\/encuentroinformativo.com.mx\/index.php?rest_route=%2Fwp%2Fv2%2Fmedia&parent=60451"}],"wp:term":[{"taxonomy":"category","embeddable":true,"href":"https:\/\/encuentroinformativo.com.mx\/index.php?rest_route=%2Fwp%2Fv2%2Fcategories&post=60451"},{"taxonomy":"post_tag","embeddable":true,"href":"https:\/\/encuentroinformativo.com.mx\/index.php?rest_route=%2Fwp%2Fv2%2Ftags&post=60451"}],"curies":[{"name":"wp","href":"https:\/\/api.w.org\/{rel}","templated":true}]}}