{"id":60454,"date":"2024-11-07T15:50:42","date_gmt":"2024-11-07T21:50:42","guid":{"rendered":"https:\/\/encuentroinformativo.com.mx\/?p=60454"},"modified":"2024-11-07T15:50:48","modified_gmt":"2024-11-07T21:50:48","slug":"buscara-partido-verde-alianza-parcial-con-morena-y-pt","status":"publish","type":"post","link":"https:\/\/encuentroinformativo.com.mx\/?p=60454","title":{"rendered":"Buscar\u00e1 Partido Verde alianza parcial con Morena y PT"},"content":{"rendered":"\n<p><strong>Dar\u00edo Pale <\/strong><\/p>\n\n\n\n<p>Xalapa, Ver.- Buscar\u00e1 el Partido Verde Ecologista de M\u00e9xico (PVEM), alianza parcial con Morena y el Partido del Trabajo (PT), adem\u00e1s de que pelear\u00e1n los municipios en donde tienen mayor presencia, as\u00ed lo dio a conocer Edgar Herrera Lendechy, secretario de Organizaci\u00f3n y futuro dirigente del Partido Verde en Veracruz.<\/p>\n\n\n\n<p>En entrevista, defini\u00f3 que a partir de este d\u00eda analizar\u00e1n si ir\u00e1n en coalici\u00f3n total o parcial con Morena y Partido del Trabajo.<\/p>\n\n\n\n<p>&#8220;Estamos nuevamente en pl\u00e1ticas como en el pasado proceso electoral que se dio una coalici\u00f3n parcial y desde ah\u00ed es el piso para empezar una negociaci\u00f3n&#8221;, se\u00f1al\u00f3.<\/p>\n\n\n\n<p>Manifest\u00f3 que el Partido Verde en el estado logr\u00f3 m\u00e1s de 235 mil votos, adem\u00e1s de que gobiernan en m\u00e1s de 30 municipios.<\/p>\n\n\n\n<p>&#8220;Te puedo decir que tenemos m\u00e1s de un mill\u00f3n de veracruzanos gobernados por ediles del Verde, as\u00ed que la fuerza del Verde es bastante grande&#8221;, coment\u00f3.<\/p>\n\n\n\n<p>Herrera Lendechy asegur\u00f3 que pelear\u00e1n los municipios en donde el Partido tenga m\u00e1s fuerza.<\/p>\n\n\n\n<p>Finalmente, en relaci\u00f3n a si ser\u00e1 el futuro l\u00edder del Partido Verde en Veracruz, se dijo listo para lo que ordene el Comit\u00e9 Ejecutivo Nacional.<\/p>\n","protected":false},"excerpt":{"rendered":"<p>Dar\u00edo Pale Xalapa, Ver.- Buscar\u00e1 el Partido Verde Ecologista de M\u00e9xico (PVEM), alianza parcial con Morena y el Partido del Trabajo (PT), adem\u00e1s de que pelear\u00e1n los municipios en donde tienen mayor presencia, as\u00ed lo dio a conocer Edgar Herrera Lendechy, secretario de Organizaci\u00f3n y futuro dirigente del Partido Verde en Veracruz. En entrevista, defini\u00f3 [&hellip;]<\/p>\n","protected":false},"author":2476,"featured_media":60455,"comment_status":"open","ping_status":"open","sticky":false,"template":"","format":"standard","meta":{"_jetpack_memberships_contains_paid_content":false,"footnotes":""},"categories":[2],"tags":[],"class_list":["post-60454","post","type-post","status-publish","format-standard","has-post-thumbnail","hentry","category-estado"],"jetpack_featured_media_url":"https:\/\/encuentroinformativo.com.mx\/wp-content\/uploads\/2024\/11\/IMG-20241107-WA0082.jpg","jetpack_sharing_enabled":true,"jetpack_likes_enabled":true,"amp_enabled":true,"_links":{"self":[{"href":"https:\/\/encuentroinformativo.com.mx\/index.php?rest_route=\/wp\/v2\/posts\/60454","targetHints":{"allow":["GET"]}}],"collection":[{"href":"https:\/\/encuentroinformativo.com.mx\/index.php?rest_route=\/wp\/v2\/posts"}],"about":[{"href":"https:\/\/encuentroinformativo.com.mx\/index.php?rest_route=\/wp\/v2\/types\/post"}],"author":[{"embeddable":true,"href":"https:\/\/encuentroinformativo.com.mx\/index.php?rest_route=\/wp\/v2\/users\/2476"}],"replies":[{"embeddable":true,"href":"https:\/\/encuentroinformativo.com.mx\/index.php?rest_route=%2Fwp%2Fv2%2Fcomments&post=60454"}],"version-history":[{"count":1,"href":"https:\/\/encuentroinformativo.com.mx\/index.php?rest_route=\/wp\/v2\/posts\/60454\/revisions"}],"predecessor-version":[{"id":60456,"href":"https:\/\/encuentroinformativo.com.mx\/index.php?rest_route=\/wp\/v2\/posts\/60454\/revisions\/60456"}],"wp:featuredmedia":[{"embeddable":true,"href":"https:\/\/encuentroinformativo.com.mx\/index.php?rest_route=\/wp\/v2\/media\/60455"}],"wp:attachment":[{"href":"https:\/\/encuentroinformativo.com.mx\/index.php?rest_route=%2Fwp%2Fv2%2Fmedia&parent=60454"}],"wp:term":[{"taxonomy":"category","embeddable":true,"href":"https:\/\/encuentroinformativo.com.mx\/index.php?rest_route=%2Fwp%2Fv2%2Fcategories&post=60454"},{"taxonomy":"post_tag","embeddable":true,"href":"https:\/\/encuentroinformativo.com.mx\/index.php?rest_route=%2Fwp%2Fv2%2Ftags&post=60454"}],"curies":[{"name":"wp","href":"https:\/\/api.w.org\/{rel}","templated":true}]}}