{"id":60466,"date":"2024-11-07T16:06:12","date_gmt":"2024-11-07T22:06:12","guid":{"rendered":"https:\/\/encuentroinformativo.com.mx\/?p=60466"},"modified":"2024-11-07T16:06:18","modified_gmt":"2024-11-07T22:06:18","slug":"crean-comision-para-el-otorgamiento-de-la-medalla-adolfo-ruiz-cortines-2024","status":"publish","type":"post","link":"https:\/\/encuentroinformativo.com.mx\/?p=60466","title":{"rendered":"Crean Comisi\u00f3n para el otorgamiento de la medalla Adolfo Ruiz Cortines 2024"},"content":{"rendered":"\n<p><strong>* Esta instancia, prevista en la Ley de Premios, est\u00e1 conformada por diputadas y diputados de las seis fuerzas pol\u00edticas representadas en el Congreso local.<\/strong><\/p>\n\n\n\n<p>Xalapa, Ver.- Por acuerdo de la Junta de Coordinaci\u00f3n Pol\u00edtica (Jucopo) de la LXVII Legislatura fue creada la Comisi\u00f3n Especial para el Otorgamiento de la Medalla y Diploma Adolfo Ruiz Cortines, edici\u00f3n 2024, integrada por diputadas y diputados representantes de las seis fuerzas pol\u00edticas del Congreso local.<\/p>\n\n\n\n<p>Esta instancia legislativa qued\u00f3 integrada en los cargos que se mencionan en cada caso por las diputadas y los diputados Bertha Rosal\u00eda Ahued Malpica (Morena), presidenta; Ang\u00e9lica Pe\u00f1a Mart\u00ednez (PVEM), secretaria, y Jos\u00e9 Reveriano Mar\u00edn Hern\u00e1ndez (Morena), Dulce Mar\u00eda Hern\u00e1ndez Tepole (PT), Indira de Jes\u00fas Rosales San Rom\u00e1n (PAN), Ana Rosa Vald\u00e9s Salazar (PRI) y Mar\u00eda Elena C\u00f3rdova Molina (MC), en calidad de vocales.<\/p>\n\n\n\n<p>Debido a que esta integraci\u00f3n deriva en la elecci\u00f3n de personas, la Mesa Directiva, presidida por la diputada Tanya Carola Viveros Ch\u00e1zaro, instruy\u00f3 la apertura del tablero electr\u00f3nico, que dio como resultado 48 votos a favor, sin abstenciones ni votos en contra.<\/p>\n\n\n\n<p>De acuerdo con la Ley de Premios del estado, esta Medalla ser\u00e1 concedida anualmente por la legislatura local a los veracruzanos que se distingan por sus acciones en la participaci\u00f3n ciudadana de la sociedad y a las instituciones p\u00fablicas o sociales que con sus acciones hayan contribuido a mejorar las condiciones de vida de las y los ciudadanos.<\/p>\n\n\n\n<p>Asimismo, establece que para el otorgamiento de la Medalla, en noviembre de cada a\u00f1o, el Congreso nombrar\u00e1 una comisi\u00f3n de diputadas y diputados que formular\u00e1n y emitir\u00e1n una Convocatoria para que se proponga a personas o instituciones p\u00fablicas o sociales que sean considerados merecedores de tal distinci\u00f3n.<\/p>\n\n\n\n<p>Las propuestas que se hagan con motivo de la Convocatoria deber\u00e1n acompa\u00f1arse de una semblanza y exposici\u00f3n de motivos. Al t\u00e9rmino del plazo establecido en la Convocatoria, la Comisi\u00f3n seleccionar\u00e1 de entre las y los ciudadanos e instituciones propuestos, a tres que a su juicio sean los de mayor m\u00e9rito para recibir dicha distinci\u00f3n.<\/p>\n","protected":false},"excerpt":{"rendered":"<p>* Esta instancia, prevista en la Ley de Premios, est\u00e1 conformada por diputadas y diputados de las seis fuerzas pol\u00edticas representadas en el Congreso local. Xalapa, Ver.- Por acuerdo de la Junta de Coordinaci\u00f3n Pol\u00edtica (Jucopo) de la LXVII Legislatura fue creada la Comisi\u00f3n Especial para el Otorgamiento de la Medalla y Diploma Adolfo Ruiz [&hellip;]<\/p>\n","protected":false},"author":2476,"featured_media":60467,"comment_status":"open","ping_status":"open","sticky":false,"template":"","format":"standard","meta":{"_jetpack_memberships_contains_paid_content":false,"footnotes":""},"categories":[2],"tags":[],"class_list":["post-60466","post","type-post","status-publish","format-standard","has-post-thumbnail","hentry","category-estado"],"jetpack_featured_media_url":"https:\/\/encuentroinformativo.com.mx\/wp-content\/uploads\/2024\/11\/IMG-20241107-WA0069.jpg","jetpack_sharing_enabled":true,"jetpack_likes_enabled":true,"amp_enabled":true,"_links":{"self":[{"href":"https:\/\/encuentroinformativo.com.mx\/index.php?rest_route=\/wp\/v2\/posts\/60466","targetHints":{"allow":["GET"]}}],"collection":[{"href":"https:\/\/encuentroinformativo.com.mx\/index.php?rest_route=\/wp\/v2\/posts"}],"about":[{"href":"https:\/\/encuentroinformativo.com.mx\/index.php?rest_route=\/wp\/v2\/types\/post"}],"author":[{"embeddable":true,"href":"https:\/\/encuentroinformativo.com.mx\/index.php?rest_route=\/wp\/v2\/users\/2476"}],"replies":[{"embeddable":true,"href":"https:\/\/encuentroinformativo.com.mx\/index.php?rest_route=%2Fwp%2Fv2%2Fcomments&post=60466"}],"version-history":[{"count":1,"href":"https:\/\/encuentroinformativo.com.mx\/index.php?rest_route=\/wp\/v2\/posts\/60466\/revisions"}],"predecessor-version":[{"id":60468,"href":"https:\/\/encuentroinformativo.com.mx\/index.php?rest_route=\/wp\/v2\/posts\/60466\/revisions\/60468"}],"wp:featuredmedia":[{"embeddable":true,"href":"https:\/\/encuentroinformativo.com.mx\/index.php?rest_route=\/wp\/v2\/media\/60467"}],"wp:attachment":[{"href":"https:\/\/encuentroinformativo.com.mx\/index.php?rest_route=%2Fwp%2Fv2%2Fmedia&parent=60466"}],"wp:term":[{"taxonomy":"category","embeddable":true,"href":"https:\/\/encuentroinformativo.com.mx\/index.php?rest_route=%2Fwp%2Fv2%2Fcategories&post=60466"},{"taxonomy":"post_tag","embeddable":true,"href":"https:\/\/encuentroinformativo.com.mx\/index.php?rest_route=%2Fwp%2Fv2%2Ftags&post=60466"}],"curies":[{"name":"wp","href":"https:\/\/api.w.org\/{rel}","templated":true}]}}