{"id":60473,"date":"2024-11-07T17:27:30","date_gmt":"2024-11-07T23:27:30","guid":{"rendered":"https:\/\/encuentroinformativo.com.mx\/?p=60473"},"modified":"2024-11-07T17:27:35","modified_gmt":"2024-11-07T23:27:35","slug":"falto-apertura-en-gobierno-estatal-adolfo-ramirez","status":"publish","type":"post","link":"https:\/\/encuentroinformativo.com.mx\/?p=60473","title":{"rendered":"Falt\u00f3 apertura en gobierno estatal: Adolfo Ram\u00edrez"},"content":{"rendered":"\n<p><strong>Dar\u00edo Pale <\/strong><\/p>\n\n\n\n<p>Xalapa, Ver.- El dirigente del Comit\u00e9 Directivo Estatal del Partido Revolucionario Institucional (PRI), Adolfo Ram\u00edrez Arana, asever\u00f3 que el estado de Veracruz se encuentra inmerso en la inseguridad, sin obra p\u00fablica y con muchos problemas producto de un mal gobierno a cargo de Cuitl\u00e1huac Garc\u00eda Jim\u00e9nez.\u00a0<\/p>\n\n\n\n<p>En entrevista, se\u00f1al\u00f3 que el aun gobernador adelant\u00f3 su sexto Informe de Gobierno pues se encuentra desesperado por dejar el cargo ante su mala actuaci\u00f3n al frente de este.\u00a0<\/p>\n\n\n\n<p>Y es que asegur\u00f3 que el mandatario estatal debi\u00f3 tener apertura con todos los sectores, sin embargo, calific\u00f3 a este gobierno de cero resultados y cero pol\u00edtica.\u00a0<\/p>\n\n\n\n<p>Indic\u00f3 que al comparecer ante el Congreso, dar\u00e1 un s\u00e9ptimo informe de labores y expres\u00f3 &#8220;de risa su s\u00e9ptimo informe, es el \u00fanico gobernador que dar\u00e1 7 informes en la historia de Veracruz. Lo adelant\u00f3 para dejar el cargo pues estaba desesperado y no es para menos&#8221;.<\/p>\n","protected":false},"excerpt":{"rendered":"<p>Dar\u00edo Pale Xalapa, Ver.- El dirigente del Comit\u00e9 Directivo Estatal del Partido Revolucionario Institucional (PRI), Adolfo Ram\u00edrez Arana, asever\u00f3 que el estado de Veracruz se encuentra inmerso en la inseguridad, sin obra p\u00fablica y con muchos problemas producto de un mal gobierno a cargo de Cuitl\u00e1huac Garc\u00eda Jim\u00e9nez.\u00a0 En entrevista, se\u00f1al\u00f3 que el aun gobernador [&hellip;]<\/p>\n","protected":false},"author":2476,"featured_media":60474,"comment_status":"open","ping_status":"open","sticky":false,"template":"","format":"standard","meta":{"_jetpack_memberships_contains_paid_content":false,"footnotes":""},"categories":[2],"tags":[],"class_list":["post-60473","post","type-post","status-publish","format-standard","has-post-thumbnail","hentry","category-estado"],"jetpack_featured_media_url":"https:\/\/encuentroinformativo.com.mx\/wp-content\/uploads\/2024\/11\/IMG-20241107-WA01172.jpg","jetpack_sharing_enabled":true,"jetpack_likes_enabled":true,"amp_enabled":true,"_links":{"self":[{"href":"https:\/\/encuentroinformativo.com.mx\/index.php?rest_route=\/wp\/v2\/posts\/60473","targetHints":{"allow":["GET"]}}],"collection":[{"href":"https:\/\/encuentroinformativo.com.mx\/index.php?rest_route=\/wp\/v2\/posts"}],"about":[{"href":"https:\/\/encuentroinformativo.com.mx\/index.php?rest_route=\/wp\/v2\/types\/post"}],"author":[{"embeddable":true,"href":"https:\/\/encuentroinformativo.com.mx\/index.php?rest_route=\/wp\/v2\/users\/2476"}],"replies":[{"embeddable":true,"href":"https:\/\/encuentroinformativo.com.mx\/index.php?rest_route=%2Fwp%2Fv2%2Fcomments&post=60473"}],"version-history":[{"count":1,"href":"https:\/\/encuentroinformativo.com.mx\/index.php?rest_route=\/wp\/v2\/posts\/60473\/revisions"}],"predecessor-version":[{"id":60475,"href":"https:\/\/encuentroinformativo.com.mx\/index.php?rest_route=\/wp\/v2\/posts\/60473\/revisions\/60475"}],"wp:featuredmedia":[{"embeddable":true,"href":"https:\/\/encuentroinformativo.com.mx\/index.php?rest_route=\/wp\/v2\/media\/60474"}],"wp:attachment":[{"href":"https:\/\/encuentroinformativo.com.mx\/index.php?rest_route=%2Fwp%2Fv2%2Fmedia&parent=60473"}],"wp:term":[{"taxonomy":"category","embeddable":true,"href":"https:\/\/encuentroinformativo.com.mx\/index.php?rest_route=%2Fwp%2Fv2%2Fcategories&post=60473"},{"taxonomy":"post_tag","embeddable":true,"href":"https:\/\/encuentroinformativo.com.mx\/index.php?rest_route=%2Fwp%2Fv2%2Ftags&post=60473"}],"curies":[{"name":"wp","href":"https:\/\/api.w.org\/{rel}","templated":true}]}}