{"id":6049,"date":"2020-09-22T12:33:30","date_gmt":"2020-09-22T17:33:30","guid":{"rendered":"https:\/\/encuentroinformativo.com.mx\/?p=6049"},"modified":"2020-09-22T12:33:33","modified_gmt":"2020-09-22T17:33:33","slug":"proponen-destinar-mayores-recursos-para-prevenir-obesidad-y-diabetes","status":"publish","type":"post","link":"https:\/\/encuentroinformativo.com.mx\/?p=6049","title":{"rendered":"Proponen destinar mayores recursos para prevenir obesidad y diabetes"},"content":{"rendered":"\n<p>Ciudad de M\u00e9xico.- Con el objetivo de emprender acciones para mejorar las condiciones de salud de la poblaci\u00f3n, la senadora Eva Galaz Caletti present\u00f3 una proposici\u00f3n con punto de acuerdo por el que exhorta a la Comisi\u00f3n de Presupuesto y Cuenta P\u00fablica de la C\u00e1mara de Diputados para que, durante el an\u00e1lisis y discusi\u00f3n del Presupuesto de Egresos de la Federaci\u00f3n para el Ejercicio Fiscal 2021, se asignen mayores recursos al Programa de Prevenci\u00f3n y Control de Sobrepeso, Obesidad y Diabetes.<\/p>\n\n\n\n<p>La legisladora del Grupo Parlamentario de Morena consider\u00f3 necesario que se reactive dicho Programa y que se pueda poner en pr\u00e1ctica con recursos suficientes y de manera inmediata, ya que las condiciones de salud de la poblaci\u00f3n son muy malas y se requieren acciones inmediatas para mejorarlas.<\/p>\n\n\n\n<p>La promovente record\u00f3 que, en septiembre de 2013, fue redise\u00f1ada la Estrategia Nacional para la prevenci\u00f3n y el control del sobrepeso, la obesidad y la diabetes. Dicho documento, detall\u00f3, afirma que el desarrollo del pa\u00eds puede estar comprometido por problem\u00e1ticas tan complejas como el sobrepeso, la obesidad y la diabetes.<\/p>\n\n\n\n<p>Asimismo, apunt\u00f3, se se\u00f1ala que estos son temas que no s\u00f3lo incumben al sector salud, por el contrario, tienen repercusiones en diversos estratos del gobierno, de la sociedad y de la iniciativa privada.<\/p>\n\n\n\n<p>De acuerdo con la Encuesta Nacional de Salud y Nutrici\u00f3n, del 2012 al 2018, el porcentaje de sobrepeso en poblaci\u00f3n en infantes de cero a cuatro a\u00f1os, pas\u00f3 de 9.7 por ciento a 8.2; el grupo de cinco a 11 a\u00f1os, la prevalencia pas\u00f3 de 34.4 por ciento a 35.6; y en la poblaci\u00f3n de 12 a 19 a\u00f1os pas\u00f3 de 33.2 por ciento 35.8.<\/p>\n\n\n\n<p>Adem\u00e1s, en la poblaci\u00f3n de 20 a\u00f1os y m\u00e1s la prevalencia combinada de sobrepeso y obesidad pas\u00f3 de 71.3 por ciento a 75.2; 39.1 presentan sobrepeso y 36.1 obesidad. El 8 por ciento de las mujeres tienen esta enfermedad, mientras que en los hombres es el 73 por ciento.<\/p>\n\n\n\n<p>Ante estos datos, la legisladora consider\u00f3 que, a pesar de los buenos deseos, la Estrategia del 2013 no obtuvo los resultados deseados. Estim\u00f3 que la labor de las y los legisladores se centra en rescatar lo mejor de dichos programas y tratar de relanzarlos para paliar los graves problemas de salud del pa\u00eds, los cuales han quedado al descubierto con la pandemia por Covid-19 que atraviesa M\u00e9xico y el mundo, la cual ha causado miles de muertes.<\/p>\n\n\n\n<p>Debido a esta situaci\u00f3n, Galaz Caletti propone que se reasigne su presupuesto original al Programa de Prevenci\u00f3n y Control de Sobrepeso, Obesidad y Diabetes, ya que el Paquete Econ\u00f3mico 2021 se asigna una cantidad menor de presupuesto que en a\u00f1os anteriores.<\/p>\n\n\n\n<p>Reconoce que, en distintas evaluaciones, el Consejo Nacional de Evaluaci\u00f3n de la Pol\u00edtica de Desarrollo Social ha se\u00f1alado que el Programa no ha dado los resultados esperados, sin embargo, asevera que en este momento hay personas diferentes al frente de las instituciones encargadas de implementar este tipo de acciones, por lo que puede ahora s\u00ed puede ser exitoso.<\/p>\n\n\n\n<p>La proposici\u00f3n con punto de acuerdo fue remitida a la C\u00e1mara de Diputados.<\/p>\n","protected":false},"excerpt":{"rendered":"<p>Ciudad de M\u00e9xico.- Con el objetivo de emprender acciones para mejorar las condiciones de salud de la poblaci\u00f3n, la senadora Eva Galaz Caletti present\u00f3 una proposici\u00f3n con punto de acuerdo por el que exhorta a la Comisi\u00f3n de Presupuesto y Cuenta P\u00fablica de la C\u00e1mara de Diputados para que, durante el an\u00e1lisis y discusi\u00f3n del [&hellip;]<\/p>\n","protected":false},"author":1,"featured_media":6050,"comment_status":"open","ping_status":"open","sticky":false,"template":"","format":"aside","meta":{"_jetpack_memberships_contains_paid_content":false,"footnotes":""},"categories":[9],"tags":[],"class_list":["post-6049","post","type-post","status-publish","format-aside","has-post-thumbnail","hentry","category-salud","post_format-post-format-aside"],"jetpack_featured_media_url":"https:\/\/encuentroinformativo.com.mx\/wp-content\/uploads\/2020\/09\/960E3002-B956-40A1-AFF0-9DCFB77BC87B.jpeg","jetpack_sharing_enabled":true,"jetpack_likes_enabled":true,"amp_enabled":true,"_links":{"self":[{"href":"https:\/\/encuentroinformativo.com.mx\/index.php?rest_route=\/wp\/v2\/posts\/6049","targetHints":{"allow":["GET"]}}],"collection":[{"href":"https:\/\/encuentroinformativo.com.mx\/index.php?rest_route=\/wp\/v2\/posts"}],"about":[{"href":"https:\/\/encuentroinformativo.com.mx\/index.php?rest_route=\/wp\/v2\/types\/post"}],"author":[{"embeddable":true,"href":"https:\/\/encuentroinformativo.com.mx\/index.php?rest_route=\/wp\/v2\/users\/1"}],"replies":[{"embeddable":true,"href":"https:\/\/encuentroinformativo.com.mx\/index.php?rest_route=%2Fwp%2Fv2%2Fcomments&post=6049"}],"version-history":[{"count":1,"href":"https:\/\/encuentroinformativo.com.mx\/index.php?rest_route=\/wp\/v2\/posts\/6049\/revisions"}],"predecessor-version":[{"id":6051,"href":"https:\/\/encuentroinformativo.com.mx\/index.php?rest_route=\/wp\/v2\/posts\/6049\/revisions\/6051"}],"wp:featuredmedia":[{"embeddable":true,"href":"https:\/\/encuentroinformativo.com.mx\/index.php?rest_route=\/wp\/v2\/media\/6050"}],"wp:attachment":[{"href":"https:\/\/encuentroinformativo.com.mx\/index.php?rest_route=%2Fwp%2Fv2%2Fmedia&parent=6049"}],"wp:term":[{"taxonomy":"category","embeddable":true,"href":"https:\/\/encuentroinformativo.com.mx\/index.php?rest_route=%2Fwp%2Fv2%2Fcategories&post=6049"},{"taxonomy":"post_tag","embeddable":true,"href":"https:\/\/encuentroinformativo.com.mx\/index.php?rest_route=%2Fwp%2Fv2%2Ftags&post=6049"}],"curies":[{"name":"wp","href":"https:\/\/api.w.org\/{rel}","templated":true}]}}