{"id":60497,"date":"2024-11-08T12:46:58","date_gmt":"2024-11-08T18:46:58","guid":{"rendered":"https:\/\/encuentroinformativo.com.mx\/?p=60497"},"modified":"2024-11-08T12:47:03","modified_gmt":"2024-11-08T18:47:03","slug":"puente-por-dia-de-muertos-no-cumplio-expectativas-cometur","status":"publish","type":"post","link":"https:\/\/encuentroinformativo.com.mx\/?p=60497","title":{"rendered":"Puente por &#8220;D\u00eda de Muertos&#8221; no cumpli\u00f3 expectativas: COMETUR"},"content":{"rendered":"\n<p><strong>Alejandro \u00c1vila<\/strong><\/p>\n\n\n\n<p>Veracruz, Ver.- El puente por el &#8220;D\u00eda de Muertos&#8221; ha sido el m\u00e1s bajo en los \u00faltimos tres a\u00f1os, mencion\u00f3 el presidente del Consejo Metropolitano de Turismo (COMETUR), Sergio Lois Heredia.<\/p>\n\n\n\n<p>El empresario espera que, tanto en el pr\u00f3ximo puente por la Revoluci\u00f3n Mexicana, as\u00ed como en la temporada alta de diciembre, no se vean afectados como en esta \u00faltima ocasi\u00f3n.<\/p>\n\n\n\n<p>&#8220;Ahorita un buen indicativo de la temporada alta va a ser el fin de semana del puente de la Revoluci\u00f3n que se junta con El Buen Fin, que los \u00faltimos a\u00f1os ha habido una buena afluencia lo que es ese fin de semana, este a\u00f1o tambi\u00e9n esperamos que haya una buena afluencia ese fin de semana, y sobre todo que existe reservaciones para el pr\u00f3ximo a\u00f1o, que a veces el tema durante El Buen Fin con las promociones que se lanzan, se da para que las personas decidan comprar sus viajes durante ese fin de semana&#8221;, expres\u00f3.<\/p>\n\n\n\n<p>Sergio Lois mencion\u00f3 que durante los \u00faltimos a\u00f1os se ha visto un ligero incremento en las reservaciones a largo plazo, aprovechando las ofertas, promociones o descuentos que se ofrecen durante El Buen Fin.<\/p>\n\n\n\n<p>&#8220;La realidad es que al sector hotelero El Buen Fin s\u00ed ayuda a quien ponga sus promociones, a que caigan reservaciones para el pr\u00f3ximo a\u00f1o, pero la realidad es que al menos aqu\u00ed en Veracruz el turismo que nos cae es mexicano y la mayor\u00eda de los mexicanos dejamos todo para lo \u00faltimo, incluyendo los viajes, entonces aqu\u00ed en Veracruz las reservaciones se empiezan a ver para la temporada alta dos semanas antes, para los fines de semana tal vez el mismo d\u00eda o dos d\u00edas antes&#8221;, remat\u00f3.<\/p>\n","protected":false},"excerpt":{"rendered":"<p>Alejandro \u00c1vila Veracruz, Ver.- El puente por el &#8220;D\u00eda de Muertos&#8221; ha sido el m\u00e1s bajo en los \u00faltimos tres a\u00f1os, mencion\u00f3 el presidente del Consejo Metropolitano de Turismo (COMETUR), Sergio Lois Heredia. El empresario espera que, tanto en el pr\u00f3ximo puente por la Revoluci\u00f3n Mexicana, as\u00ed como en la temporada alta de diciembre, no [&hellip;]<\/p>\n","protected":false},"author":2476,"featured_media":60498,"comment_status":"open","ping_status":"open","sticky":false,"template":"","format":"standard","meta":{"_jetpack_memberships_contains_paid_content":false,"footnotes":""},"categories":[2],"tags":[],"class_list":["post-60497","post","type-post","status-publish","format-standard","has-post-thumbnail","hentry","category-estado"],"jetpack_featured_media_url":"https:\/\/encuentroinformativo.com.mx\/wp-content\/uploads\/2024\/11\/IMG-20241108-WA0031.jpg","jetpack_sharing_enabled":true,"jetpack_likes_enabled":true,"amp_enabled":true,"_links":{"self":[{"href":"https:\/\/encuentroinformativo.com.mx\/index.php?rest_route=\/wp\/v2\/posts\/60497","targetHints":{"allow":["GET"]}}],"collection":[{"href":"https:\/\/encuentroinformativo.com.mx\/index.php?rest_route=\/wp\/v2\/posts"}],"about":[{"href":"https:\/\/encuentroinformativo.com.mx\/index.php?rest_route=\/wp\/v2\/types\/post"}],"author":[{"embeddable":true,"href":"https:\/\/encuentroinformativo.com.mx\/index.php?rest_route=\/wp\/v2\/users\/2476"}],"replies":[{"embeddable":true,"href":"https:\/\/encuentroinformativo.com.mx\/index.php?rest_route=%2Fwp%2Fv2%2Fcomments&post=60497"}],"version-history":[{"count":1,"href":"https:\/\/encuentroinformativo.com.mx\/index.php?rest_route=\/wp\/v2\/posts\/60497\/revisions"}],"predecessor-version":[{"id":60499,"href":"https:\/\/encuentroinformativo.com.mx\/index.php?rest_route=\/wp\/v2\/posts\/60497\/revisions\/60499"}],"wp:featuredmedia":[{"embeddable":true,"href":"https:\/\/encuentroinformativo.com.mx\/index.php?rest_route=\/wp\/v2\/media\/60498"}],"wp:attachment":[{"href":"https:\/\/encuentroinformativo.com.mx\/index.php?rest_route=%2Fwp%2Fv2%2Fmedia&parent=60497"}],"wp:term":[{"taxonomy":"category","embeddable":true,"href":"https:\/\/encuentroinformativo.com.mx\/index.php?rest_route=%2Fwp%2Fv2%2Fcategories&post=60497"},{"taxonomy":"post_tag","embeddable":true,"href":"https:\/\/encuentroinformativo.com.mx\/index.php?rest_route=%2Fwp%2Fv2%2Ftags&post=60497"}],"curies":[{"name":"wp","href":"https:\/\/api.w.org\/{rel}","templated":true}]}}