{"id":60503,"date":"2024-11-08T12:52:45","date_gmt":"2024-11-08T18:52:45","guid":{"rendered":"https:\/\/encuentroinformativo.com.mx\/?p=60503"},"modified":"2024-11-08T12:52:49","modified_gmt":"2024-11-08T18:52:49","slug":"cambian-fecha-de-despedida-de-el-hijo-del-santo-en-veracruz-para-marzo-del-2025","status":"publish","type":"post","link":"https:\/\/encuentroinformativo.com.mx\/?p=60503","title":{"rendered":"Cambian fecha de despedida de El Hijo del Santo en Veracruz para marzo del 2025"},"content":{"rendered":"\n<p><strong>Alejandro \u00c1vila<\/strong><\/p>\n\n\n\n<p>Veracruz, Ver.- La gira de despedida de El hijo del Santo en Veracruz cambi\u00f3 de fecha para marzo del 2025 se inform\u00f3 a trav\u00e9s de un comunicado de prensa.<\/p>\n\n\n\n<p>El tour que despide a la leyenda de la m\u00e1scara de plata fue reprogramado por temas de log\u00edstica, cabe recordar que en primera instancia se ten\u00eda previsto llevarse a cabo este domingo 10 de noviembre en la Arena Veracruz.<\/p>\n\n\n\n<p>La empresa boletera Veratickets dio a conocer que las entradas ya adquiridas ser\u00e1n v\u00e1lidas para la nueva fecha.<\/p>\n\n\n\n<p>Si bien nos ha dado a conocer otros cambios, muy probablemente habr\u00e1 modificaciones en la cartelera original, donde se podr\u00eda incrementar el n\u00famero de leyendas del pancracia mexicano que se presenten en tierras veracruzanas para la despedida de uno de los gladiadores m\u00e1s queridos en el mundo.<\/p>\n","protected":false},"excerpt":{"rendered":"<p>Alejandro \u00c1vila Veracruz, Ver.- La gira de despedida de El hijo del Santo en Veracruz cambi\u00f3 de fecha para marzo del 2025 se inform\u00f3 a trav\u00e9s de un comunicado de prensa. El tour que despide a la leyenda de la m\u00e1scara de plata fue reprogramado por temas de log\u00edstica, cabe recordar que en primera instancia [&hellip;]<\/p>\n","protected":false},"author":2476,"featured_media":60504,"comment_status":"open","ping_status":"open","sticky":false,"template":"","format":"standard","meta":{"_jetpack_memberships_contains_paid_content":false,"footnotes":""},"categories":[2],"tags":[],"class_list":["post-60503","post","type-post","status-publish","format-standard","has-post-thumbnail","hentry","category-estado"],"jetpack_featured_media_url":"https:\/\/encuentroinformativo.com.mx\/wp-content\/uploads\/2024\/11\/IMG-20241108-WA0044.jpg","jetpack_sharing_enabled":true,"jetpack_likes_enabled":true,"amp_enabled":true,"_links":{"self":[{"href":"https:\/\/encuentroinformativo.com.mx\/index.php?rest_route=\/wp\/v2\/posts\/60503","targetHints":{"allow":["GET"]}}],"collection":[{"href":"https:\/\/encuentroinformativo.com.mx\/index.php?rest_route=\/wp\/v2\/posts"}],"about":[{"href":"https:\/\/encuentroinformativo.com.mx\/index.php?rest_route=\/wp\/v2\/types\/post"}],"author":[{"embeddable":true,"href":"https:\/\/encuentroinformativo.com.mx\/index.php?rest_route=\/wp\/v2\/users\/2476"}],"replies":[{"embeddable":true,"href":"https:\/\/encuentroinformativo.com.mx\/index.php?rest_route=%2Fwp%2Fv2%2Fcomments&post=60503"}],"version-history":[{"count":1,"href":"https:\/\/encuentroinformativo.com.mx\/index.php?rest_route=\/wp\/v2\/posts\/60503\/revisions"}],"predecessor-version":[{"id":60505,"href":"https:\/\/encuentroinformativo.com.mx\/index.php?rest_route=\/wp\/v2\/posts\/60503\/revisions\/60505"}],"wp:featuredmedia":[{"embeddable":true,"href":"https:\/\/encuentroinformativo.com.mx\/index.php?rest_route=\/wp\/v2\/media\/60504"}],"wp:attachment":[{"href":"https:\/\/encuentroinformativo.com.mx\/index.php?rest_route=%2Fwp%2Fv2%2Fmedia&parent=60503"}],"wp:term":[{"taxonomy":"category","embeddable":true,"href":"https:\/\/encuentroinformativo.com.mx\/index.php?rest_route=%2Fwp%2Fv2%2Fcategories&post=60503"},{"taxonomy":"post_tag","embeddable":true,"href":"https:\/\/encuentroinformativo.com.mx\/index.php?rest_route=%2Fwp%2Fv2%2Ftags&post=60503"}],"curies":[{"name":"wp","href":"https:\/\/api.w.org\/{rel}","templated":true}]}}